{"id":555,"__str__":"Ato da Mesa-MD n\u00ba 2, de 19 de dezembro de 2025","link_detail_backend":"/norma/555","metadata":{},"texto_integral":"http://sapl.santoantoniodosudoeste.pr.leg.br/media/sapl/public/normajuridica/2025/555/ato_da_mesa_diretora_no_02-2025.docx","numero":"2","ano":2025,"esfera_federacao":"M","data":"2025-12-19","data_publicacao":null,"veiculo_publicacao":"","pagina_inicio_publicacao":null,"pagina_fim_publicacao":null,"ementa":"Estabelece o Plano de Contrata\u00e7\u00f5es Anual da C\u00e2mara de Vereadores de Santo Ant\u00f4nio do Sudoeste, para o exerc\u00edcio de 2026.","indexacao":"ATO DA MESA DIRETORA N\u00ba 02, DE 18 DE DEZEMBRO DE 2025.\r\n\r\n\r\n\u201cEstabelece o Plano de Contrata\u00e7\u00f5es Anual da C\u00e2mara de Vereadores de Santo Ant\u00f4nio do Sudoeste, para o exerc\u00edcio de 2026.\u201d\r\n\r\n\r\nA MESA DIRETORA DA C\u00c2MARA DE VEREADORES DO MUNIC\u00cdPIO DE SANTO ANT\u00d4NIO DO SUDOESTE, Estado do Paran\u00e1, no uso de suas atribui\u00e7\u00f5es legais que lhe s\u00e3o conferidas, especialmente o disposto no artigo 21, inciso III, Lei Org\u00e2nica Municipal, com fundamento no artigo 12, \u00a7 1\u00ba, Lei Federal n\u00ba 14.133/2021, e no artigo 6\u00ba, Resolu\u00e7\u00e3o n\u00ba 04/2023, do Poder Legislativo Municipal,\r\n\r\nR E S O L V E:\r\n\r\nArt. 1\u00ba. Fica estabelecido o Plano de Contrata\u00e7\u00f5es Anual da C\u00e2mara de Vereadores de Santo Ant\u00f4nio do Sudoeste, para o exerc\u00edcio de 2026, de acordo com o contido no Anexo I deste Ato.\r\n\r\nArt. 2\u00ba. As contrata\u00e7\u00f5es previstas ou n\u00e3o no Plano de Contrata\u00e7\u00f5es Anual de que trata este Ato, depender\u00e3o da demanda e das condi\u00e7\u00f5es or\u00e7ament\u00e1rias do Poder Legislativo Municipal.\r\n\r\nArt. 3\u00ba. Este Ato entrar\u00e1 em vigor na data de sua publica\u00e7\u00e3o.\r\n\r\nPUBLIQUE-SE.\r\n\r\nSanto Ant\u00f4nio do Sudoeste-PR, em 18 de dezembro de 2025.\r\n\r\n\r\n\r\nVALDIR ANTONIO CARVALHO\t\t\tSERGIO ANTONIO DE MATTOS\r\nPresidente\t\t\t\t\t\tVice-Presidente\r\n\r\n\r\n\r\nELIZ MARIA GRADASCHI SCALON\t\tMICHELI ALVES DE LIMA\r\n1\u00aa Secret\u00e1ria\t\t\t\t\t\t2\u00aa Secret\u00e1ria","observacao":"","complemento":false,"data_vigencia":null,"timestamp":"2025-12-19T10:46:04.385538-03:00","data_ultima_atualizacao":"2025-12-19T10:46:04.386725-03:00","ip":"45.187.139.17","ultima_edicao":"2025-12-19T10:46:04.210117-03:00","tipo":8,"materia":null,"orgao":17,"user":2,"assuntos":[59],"autores":[]}