{"id":494,"__str__":"Decreto Legislativo n\u00ba 8, de 11 de agosto de 2021","link_detail_backend":"/norma/494","metadata":{},"texto_integral":"http://sapl.santoantoniodosudoeste.pr.leg.br/media/sapl/public/normajuridica/2021/494/decreto_legislativo_08.2021_1.pdf","numero":"8","ano":2021,"esfera_federacao":"M","data":"2021-08-11","data_publicacao":null,"veiculo_publicacao":"","pagina_inicio_publicacao":null,"pagina_fim_publicacao":null,"ementa":"Disp\u00f5e sobre as contas do Prefeito Municipal de Santo Antonio do Sudoeste-PR, referente ao exerc\u00edcio financeiro de 2017, e d\u00e1 outras provid\u00eancias.","indexacao":"DECRETO LEGISLATIVO N\u00ba 08/2021\r\n\r\nDisp\u00f5e sobre as contas do Prefeito Municipal de Santo Antonio do Sudoeste-PR, referente ao exerc\u00edcio financeiro de 2017, e d\u00e1 outras provid\u00eancias.\r\n\r\nFA\u00c7O SABER QUE A C\u00c2MARA DE VEREADORES DE SANTO ANT\u00d3NIO DO SUDOESTE-PR APROVOU E EU, CLAUDIO ALAIN GUTERRES DO CARMO, PRESIDENTE, NOS MOLDES DO ART. 23, INCISO IV, DA LEI ORG\u00c2NICA MUNICIPAL, PROMULGO O SEGUINTE DECRETO LEGISLATIVO:\r\n\r\nArtigo 1\u00ba. Ficam aprovadas as contas do Prefeito Municipal de Santo Antonio do Sudoeste-PR, referente ao exerc\u00edcio financeiro de 2017, da gest\u00e3o de responsabilidade do Senhor Zel\u00edrio Peron Ferrari.\r\n\r\nPar\u00e1grafo \u00fanico. A aprova\u00e7\u00e3o das contas que trata o caput \u00e9 realizada de acordo com o Ac\u00f3rd\u00e3o de Parecer Pr\u00e9vio n o 583/19, exarado pela Primeira C\u00e2mara do Tribunal de Contas do Estado do Paran\u00e1, no Processo n o 295860/18, que recomendou a REGULARIDADE DAS CONTAS coM RESSALVAS \r\n\r\nArtigo 2\u00ba. Este Decreto Legislativo entrar\u00e1 em vigor na data de sua publica\u00e7\u00e3o.\r\n\r\nGabinete da Presid\u00eancia da C\u00e2mara de Vereadores de Santo Ant\u00f3nio do SudoestePR, em 11 de agosto de 2021\r\n \r\nCLAUDIO BLAIN GUTERRES DO CARMO\r\nPresidente","observacao":"","complemento":false,"data_vigencia":null,"timestamp":"2025-05-22T14:38:01.008185-03:00","data_ultima_atualizacao":"2025-05-22T14:38:01.009899-03:00","ip":"186.192.230.189","ultima_edicao":"2025-05-22T14:38:00.907930-03:00","tipo":1,"materia":null,"orgao":null,"user":2,"assuntos":[71],"autores":[]}