{"id":35,"__str__":"Lei Ordin\u00e1ria n\u00ba 3.124, de 14 de abril de 2023","link_detail_backend":"/norma/35","metadata":{},"texto_integral":"http://sapl.santoantoniodosudoeste.pr.leg.br/media/sapl/public/normajuridica/2023/35/lei_3.124.2023.pdf","numero":"3124","ano":2023,"esfera_federacao":"M","data":"2023-04-14","data_publicacao":null,"veiculo_publicacao":"","pagina_inicio_publicacao":null,"pagina_fim_publicacao":null,"ementa":"Denomina de \u201cAnt\u00f4nio Louren\u00e7o da Silva\u201d a Unidade B\u00e1sica de Sa\u00fade do Distrito de S\u00e3o do Pedro Florido","indexacao":"S\u00daMULA: Denomina de \u201cAnt\u00f4nio Louren\u00e7o da Silva\u201d a Unidade B\u00e1sica de Sa\u00fade do Distrito de S\u00e3o do Pedro Florido.\r\n\r\nA C\u00c2MARA MUNICIPAL DE VEREADORES DE SANTO ANTONIO DO SUDOESTE, ESTADO DO PARAN\u00c1, APROVOU, E EU PREFEITO MUNICIPAL, SANCIONO A SEGUINTELEI:\r\n\r\nArt. 1\u00b0 - Fica denominada de \u201cAnt\u00f4nio Louren\u00e7o da Silva\u201d a Unidade B\u00e1sica de Sa\u00fade, localizada no Distrito de S\u00e3o do Pedro Florido, Munic\u00edpio de Santo Ant\u00f4nio do Sudoeste, Paran\u00e1.\r\n\r\nPar\u00e1grafo \u00danico. O Executivo Municipal emplacar\u00e1 o referido pr\u00f3prio p\u00fablico, contendo a denomina\u00e7\u00e3o consignada no \u201ccaput\u201d deste artigo, no prazo de trinta dias, contados da data da publica\u00e7\u00e3o da presente Lei.\r\n\r\nArt. 2\u00b0 - Esta lei entrar\u00e1 em vigor na data de sua publica\u00e7\u00e3o.\r\n\r\nGABINETE DO PREFEITO MUNICIPAL DE SANTO ANTONIO DO SUDOESTE, ESTADO DO PARAN\u00c1, EM 14 DE ABRIL DE 2023.\r\n\r\nPUBLIQUE-SE:\r\n\r\nRICARDO ANT\u00d4NIO ORTIN\u00c3\r\nPrefeito Municipal\r\n\r\nPublicado por:\r\nC\u00edntia Fernanda Lanzarin - C\u00f3digo Identificador:32FBADA4\r\nMat\u00e9ria publicada no Di\u00e1rio Oficial dos Munic\u00edpios do Paran\u00e1 no dia 17/04/2023. Edi\u00e7\u00e3o 2752\r\nA verifica\u00e7\u00e3o de autenticidade da mat\u00e9ria pode ser feita informando o c\u00f3digo identificador no site: https://www.diariomunicipal.com.br/amp","observacao":"","complemento":false,"data_vigencia":null,"timestamp":"2023-06-25T18:34:55.410506-03:00","data_ultima_atualizacao":"2023-06-25T18:34:55.575635-03:00","ip":"186.192.237.178","ultima_edicao":"2023-06-25T18:31:43.115081-03:00","tipo":2,"materia":null,"orgao":null,"user":2,"assuntos":[],"autores":[6,20]}