{"id":343,"__str__":"Portaria Legislativa n\u00ba 1, de 03 de janeiro de 2024","link_detail_backend":"/norma/343","metadata":{},"texto_integral":"http://sapl.santoantoniodosudoeste.pr.leg.br/media/sapl/public/normajuridica/2024/343/portaria_01.2024..pdf","numero":"1","ano":2024,"esfera_federacao":"M","data":"2024-01-03","data_publicacao":null,"veiculo_publicacao":"","pagina_inicio_publicacao":null,"pagina_fim_publicacao":null,"ementa":"Disp\u00f5e sobre a concess\u00e3o de f\u00e9rias ao Assessor Parlamentar da C\u00e2mara Municipal de Vereadores de Santo Ant\u00f3nio do Sudoeste","indexacao":"PORTARIA N O 01/2024\r\n\r\nS\u00famula: Disp\u00f5e sobre a concess\u00e3o de f\u00e9rias ao assessor parlamentar da C\u00e2mara Municipal de Vereadores de Santo Ant\u00f3nio do Sudoeste- \r\n\r\n\r\nO PRESIDENTE DA C\u00c2MARA MUNICIPAL DE VEREADORES DE SANTO ANT\u00d3NIO DO SUDOESTE-PR, Sr. SERGIO ANTONIO DE MATTOS, no uso de suas atribui\u00e7\u00f5es legais, conforme o disposto no artigo 23, inciso XIII da Lei Org\u00e2nica Municipal, cominado com os artigos 19, inciso IV al\u00ednea \"a\" do Regimento Interno da C\u00e2mara Municipal de Vereadores, resolve:\r\n\r\nArt. 1\u00ba . Conceder 20 (vinte) dias de f\u00e9rias ao assessor parlamentar da C\u00e2mara Municipal de Vereadores de Santo Ant\u00f4nio do Sudoeste-PR, Sr. Paulo Alves Bandeira Junior, a partir de 22/01/2024 a 10/02/2024, referentes ao per\u00edodo aquisitivo do ano de 2023, restando 10(dez) dias de f\u00e9rias a serem gozadas em per\u00edodo superior.\r\n\r\nArt. 2\u00ba . Revogadas as disposi\u00e7\u00f5es em contr\u00e1rio, a presente Portaria entrar\u00e1 em vigor na data de sua publica\u00e7\u00e3o.\r\n\r\nGabinete da Presid\u00eancia, em 03 de janeiro de 2024.\r\n\r\nPUBLIQUE-SE.\r\n \r\nS\u00e9rgio Antonio de Mattos\r\nPresidente","observacao":"","complemento":false,"data_vigencia":null,"timestamp":"2024-01-10T16:47:53.204165-03:00","data_ultima_atualizacao":"2024-01-10T16:47:53.206026-03:00","ip":"45.187.139.17","ultima_edicao":"2024-01-10T16:47:52.251233-03:00","tipo":7,"materia":null,"orgao":null,"user":2,"assuntos":[93],"autores":[]}