{"id":289,"__str__":"Portaria Legislativa n\u00ba 73, de 21 de dezembro de 2022","link_detail_backend":"/norma/289","metadata":{},"texto_integral":"http://sapl.santoantoniodosudoeste.pr.leg.br/media/sapl/public/normajuridica/2022/289/portaria_73.2022.pdf","numero":"73","ano":2022,"esfera_federacao":"M","data":"2022-12-21","data_publicacao":null,"veiculo_publicacao":"","pagina_inicio_publicacao":null,"pagina_fim_publicacao":null,"ementa":"EXONERA, a partir de 31 de dezembro de 2022, a servidora p\u00fablica NICOLLY DALL BELLO DE SOUZA DA COSTA, Matr\u00edcula Funcional n\u00ba 202124, ocupante do cargo em comiss\u00e3o de Diretora Geral da C\u00e2mara de Vereadores de Santo Antonio do Sudoeste-PR.","indexacao":"PORTARIA N\u00b0 73/2022\r\n\r\n\r\n\r\n\r\nO PRESIDENTE DA C\u00c2MARA DE VEREADORES DE SANTO ANTONIO DO SUDOESTE, Estado do Paran\u00e1, Sr. CL\u00c1UDIO ALAIN GUTERRES DO CARMO, no uso de suas atribui\u00e7\u00f5es legais conferidas, especialmente o disposto no artigo 23, inciso XIII, Lei Org\u00e2nica Municipal c/c artigo 19, inciso IV, al\u00ednea \u201cg\u201d, Regimento Interno da C\u00e2mara de Vereadores de Santo Antonio do Sudoeste-PR, RESOLVE:\r\n \r\nArt. 1\u00ba. EXONERAR, a partir de 31 de dezembro de 2022, a servidora p\u00fablica NICOLLY DALL BELLO DE SOUZA DA COSTA, Matr\u00edcula Funcional n\u00ba 202124, ocupante do cargo em comiss\u00e3o de Diretora Geral da C\u00e2mara de Vereadores de Santo Antonio do Sudoeste-PR.\r\n \r\nArt. 2\u00ba. Revogadas as disposi\u00e7\u00f5es em contr\u00e1rio, esta portaria entrar\u00e1 em vigor a partir de 31 de dezembro de 2022.\r\n\r\nGabinete da Presid\u00eancia da C\u00e2mara de Vereadores de Santo Antonio do Sudoeste-PR, em 21 de dezembro de 2022.\r\n\r\nPUBLIQUE-SE.\r\n\r\n\r\n\r\nCL\u00c1UDIO ALAIN GUTERRES DO CARMO\r\nPresidente","observacao":"","complemento":false,"data_vigencia":null,"timestamp":"2023-08-20T18:17:09.983914-03:00","data_ultima_atualizacao":"2023-08-20T18:17:10.332190-03:00","ip":"186.192.230.81","ultima_edicao":"2023-08-20T18:15:23.552301-03:00","tipo":7,"materia":null,"orgao":null,"user":3,"assuntos":[39],"autores":[]}