{"id":6736,"__str__":"Parecer da Comiss\u00e3o de Justi\u00e7a e Reda\u00e7\u00e3o n\u00ba 15 de 2026 | Inclu\u00edda na Ordem do Dia - 1\u00aa Vota\u00e7\u00e3o | 18/02/2026","link_detail_backend":"/materia/tramitacao/6736","metadata":{},"timestamp":"2026-02-18T12:58:55.998020-03:00","data_tramitacao":"2026-02-18","data_encaminhamento":null,"urgente":false,"turno":"B","texto":"","data_fim_prazo":null,"ip":"45.187.139.17","ultima_edicao":"2026-02-23T19:26:19.576980-03:00","status":54,"materia":2099,"unidade_tramitacao_local":7,"unidade_tramitacao_destino":2,"user":2}