{"id":6588,"__str__":"Parecer da Comiss\u00e3o de Justi\u00e7a e Reda\u00e7\u00e3o n\u00ba 15 de 2026 | Inclu\u00edda na Ordem do Dia - Vota\u00e7\u00e3o \u00danica | 12/02/2026","link_detail_backend":"/materia/tramitacao/6588","metadata":{},"timestamp":"2026-02-12T22:19:01.534216-03:00","data_tramitacao":"2026-02-12","data_encaminhamento":"2026-02-12","urgente":true,"turno":"","texto":"","data_fim_prazo":null,"ip":"138.219.111.243","ultima_edicao":"2026-02-12T22:16:02.254788-03:00","status":61,"materia":2099,"unidade_tramitacao_local":12,"unidade_tramitacao_destino":2,"user":19}