{"id":5857,"__str__":"Parecer da Comiss\u00e3o de Justi\u00e7a e Reda\u00e7\u00e3o n\u00ba 138 de 2025 | Inclu\u00edda na Ordem do Dia - 1\u00aa Vota\u00e7\u00e3o | 29/09/2025","link_detail_backend":"/materia/tramitacao/5857","metadata":{},"timestamp":"2025-09-29T09:36:03.315583-03:00","data_tramitacao":"2025-09-29","data_encaminhamento":"2025-09-29","urgente":false,"turno":"B","texto":"","data_fim_prazo":null,"ip":"45.187.139.17","ultima_edicao":"2025-09-29T09:35:49.070327-03:00","status":54,"materia":1837,"unidade_tramitacao_local":10,"unidade_tramitacao_destino":2,"user":19}