{"id":5421,"__str__":"Parecer da Comiss\u00e3o de Justi\u00e7a e Reda\u00e7\u00e3o n\u00ba 98 de 2025 | Enviado para san\u00e7\u00e3o do Prefeito | 26/08/2025","link_detail_backend":"/materia/tramitacao/5421","metadata":{},"timestamp":"2025-08-26T10:16:05.371996-03:00","data_tramitacao":"2025-08-26","data_encaminhamento":null,"urgente":false,"turno":"U","texto":"","data_fim_prazo":null,"ip":"45.187.139.17","ultima_edicao":"2025-08-26T10:15:38.913753-03:00","status":56,"materia":1639,"unidade_tramitacao_local":2,"unidade_tramitacao_destino":3,"user":2}