{"id":4961,"__str__":"Parecer da Comiss\u00e3o de Justi\u00e7a e Reda\u00e7\u00e3o n\u00ba 97 de 2025 | Inclu\u00edda na Ordem do Dia - Vota\u00e7\u00e3o \u00danica | 16/06/2025","link_detail_backend":"/materia/tramitacao/4961","metadata":{},"timestamp":"2025-06-16T10:36:32.946543-03:00","data_tramitacao":"2025-06-16","data_encaminhamento":"2025-06-16","urgente":false,"turno":"","texto":"","data_fim_prazo":null,"ip":"45.187.139.17","ultima_edicao":"2025-06-17T14:16:08.862651-03:00","status":61,"materia":1634,"unidade_tramitacao_local":10,"unidade_tramitacao_destino":2,"user":2}