{"id":4330,"__str__":"Parecer da Comiss\u00e3o de Sa\u00fade e Assist\u00eancia Social n\u00ba 8 de 2025 | Inclu\u00edda na Ordem do Dia - Vota\u00e7\u00e3o \u00danica | 14/04/2025","link_detail_backend":"/materia/tramitacao/4330","metadata":{},"timestamp":"2025-04-23T16:17:34.166433-03:00","data_tramitacao":"2025-04-14","data_encaminhamento":null,"urgente":false,"turno":"G","texto":"","data_fim_prazo":null,"ip":"45.187.139.17","ultima_edicao":"2025-04-23T16:17:17.684578-03:00","status":61,"materia":1464,"unidade_tramitacao_local":2,"unidade_tramitacao_destino":2,"user":2}