{"id":4113,"__str__":"Parecer da Comiss\u00e3o de Justi\u00e7a e Reda\u00e7\u00e3o n\u00ba 47 de 2025 | Inclu\u00edda na Ordem do Dia - 1\u00aa Vota\u00e7\u00e3o | 24/03/2025","link_detail_backend":"/materia/tramitacao/4113","metadata":{},"timestamp":"2025-03-24T22:14:57.595322-03:00","data_tramitacao":"2025-03-24","data_encaminhamento":null,"urgente":false,"turno":"G","texto":"","data_fim_prazo":null,"ip":"186.192.227.101","ultima_edicao":"2025-03-24T22:14:34.878550-03:00","status":54,"materia":1399,"unidade_tramitacao_local":10,"unidade_tramitacao_destino":2,"user":2}