{"id":2869,"__str__":"Parecer da Comiss\u00e3o de Justi\u00e7a e Reda\u00e7\u00e3o n\u00ba 2 de 2025 | Enviado para san\u00e7\u00e3o do Prefeito | 15/01/2025","link_detail_backend":"/materia/tramitacao/2869","metadata":{},"timestamp":"2025-01-15T09:27:10.890048-03:00","data_tramitacao":"2025-01-15","data_encaminhamento":"2025-01-15","urgente":true,"turno":"A","texto":"","data_fim_prazo":null,"ip":"45.187.139.17","ultima_edicao":"2025-01-15T09:26:47.686673-03:00","status":56,"materia":1168,"unidade_tramitacao_local":7,"unidade_tramitacao_destino":3,"user":2}