{"id":2369,"__str__":"Parecer da Comiss\u00e3o de Justi\u00e7a e Reda\u00e7\u00e3o n\u00ba 41 de 2024 | Inclu\u00edda na Ordem do Dia - Vota\u00e7\u00e3o \u00danica | 02/09/2024","link_detail_backend":"/materia/tramitacao/2369","metadata":{},"timestamp":"2024-09-03T08:25:31.166940-03:00","data_tramitacao":"2024-09-02","data_encaminhamento":"2024-09-02","urgente":true,"turno":"A","texto":"","data_fim_prazo":null,"ip":"45.187.139.17","ultima_edicao":"2024-09-03T08:24:49.350858-03:00","status":61,"materia":1021,"unidade_tramitacao_local":2,"unidade_tramitacao_destino":2,"user":2}