{"id":2312,"__str__":"Parecer da Comiss\u00e3o de Justi\u00e7a e Reda\u00e7\u00e3o n\u00ba 38 de 2024 | Inclu\u00edda na Ordem do Dia - Vota\u00e7\u00e3o \u00danica | 09/08/2024","link_detail_backend":"/materia/tramitacao/2312","metadata":{},"timestamp":"2024-08-09T09:01:15.582143-03:00","data_tramitacao":"2024-08-09","data_encaminhamento":"2024-08-09","urgente":false,"turno":"U","texto":"","data_fim_prazo":null,"ip":"45.187.139.17","ultima_edicao":"2024-08-09T09:00:42.959864-03:00","status":61,"materia":999,"unidade_tramitacao_local":10,"unidade_tramitacao_destino":2,"user":2}