{"id":2022,"__str__":"Parecer da Comiss\u00e3o de Educa\u00e7\u00e3o, Esp. Cult. e Arte n\u00ba 2 de 2024 | Proposi\u00e7\u00e3o inclusa na Ordem do Dia | 15/03/2024","link_detail_backend":"/materia/tramitacao/2022","metadata":{},"timestamp":"2024-03-15T09:30:56.879892-03:00","data_tramitacao":"2024-03-15","data_encaminhamento":"2024-03-15","urgente":false,"turno":"","texto":"","data_fim_prazo":null,"ip":"45.187.139.17","ultima_edicao":"2024-03-15T09:30:31.725812-03:00","status":18,"materia":771,"unidade_tramitacao_local":10,"unidade_tramitacao_destino":2,"user":2}