{"id":974,"__str__":"Indica\u00e7\u00e3o n\u00ba 39 de 2024","link_detail_backend":"/materia/974","metadata":{},"numero":39,"ano":2024,"numero_protocolo":null,"data_apresentacao":"2024-08-01","tipo_apresentacao":"E","data_publicacao":null,"numero_origem_externa":"","ano_origem_externa":null,"data_origem_externa":null,"apelido":"","dias_prazo":null,"data_fim_prazo":null,"em_tramitacao":true,"polemica":false,"objeto":"","complementar":false,"ementa":"Melhorias na Unidade B\u00e1sica de Sa\u00fade do bairro Princesa Izabel.","indexacao":"INDICA\u00c7\u00c3O 39/2024\r\n(Proponente: Elizete Divone Gradaschi/PSD)\r\n\r\n\r\nMelhorias na Unidade B\u00e1sica de Sa\u00fade do bairro Princesa Izabel.\r\n\r\n \t\tA Vereadora Elizete Divone Gradaschi -PSD, no uso de suas atribui\u00e7\u00f5es legais e regimentais, indica ao Executivo Municipal, atrav\u00e9s do departamento competente que providencie a troca dos equipamentos permanentes e mobili\u00e1rio da Unidade B\u00e1sica de Sa\u00fade do bairro Princesa Izabel.\r\n \t\tOs moradores do bairro Princesa Izabel procuraram esta vereadora solicitando melhorias na UBS \u2013 Unidade B\u00e1sica de Sa\u00fade, em benef\u00edcio a comunidade. Por ser tratar de uma unidade de sa\u00fade muito frequentado pela popula\u00e7\u00e3o, acarretou em um grande desgaste dos equipamentos est\u00e1 se deteriorando, havendo a necessidade de substitui\u00e7\u00e3o dos m\u00f3veis, bem como a   para melhorar o atendimento \u00e0 popula\u00e7\u00e3o.\r\n\r\n\t\tAl\u00e9m da substitui\u00e7\u00e3o da mob\u00edlia, esta vereadora sugere ainda, a coloca\u00e7\u00e3o de 2 camas hospitalares na referida UBS.\r\n \t\t\r\n  \t\tNestes termos, pede deferimento. \r\n \t\tPlen\u00e1rio Laurindo Fl\u00e1vio Scopel\r\n \t\t\r\n \t\t\t\t\tSanto Ant\u00f4nio do Sudoeste, 01 de agosto de 2024.\r\n\r\n\r\n\r\nElizete Divone Gradaschi \r\nVereadora/PSD","observacao":"","resultado":"","texto_original":"http://sapl.santoantoniodosudoeste.pr.leg.br/media/sapl/public/materialegislativa/2024/974/indicacao_n_39.2024_-_vereadora_eleizete.pdf","data_ultima_atualizacao":"2025-09-18T08:20:10.786436-03:00","ip":"45.187.139.17","ultima_edicao":"2024-08-06T14:05:47.458597-03:00","tipo":3,"regime_tramitacao":1,"tipo_origem_externa":null,"local_origem_externa":null,"user":2,"anexadas":[],"autores":[7]}