{"id":902,"__str__":"Indica\u00e7\u00e3o n\u00ba 34 de 2024","link_detail_backend":"/materia/902","metadata":{},"numero":34,"ano":2024,"numero_protocolo":null,"data_apresentacao":"2024-06-12","tipo_apresentacao":"E","data_publicacao":null,"numero_origem_externa":"","ano_origem_externa":null,"data_origem_externa":null,"apelido":"","dias_prazo":null,"data_fim_prazo":null,"em_tramitacao":true,"polemica":false,"objeto":"","complementar":false,"ementa":"INDICA, ao Chefe do Executivo Municipal, que seja determinado ao Departamento Respons\u00e1vel, a constru\u00e7\u00e3o de redutor de velocidade em pontos estrat\u00e9gicos na rua Pedro Pereira de S\u00e1, no percurso da rua Presidente Vargas at\u00e9 a rua Princesa Isabel.","indexacao":"INDICA\u00c7\u00c3O N\u00ba 34/2024.\r\nVEREADORA ELIZETE DIVONE GRADASCHI.\r\nElizete Divone Gradaschi, Vereadora com assento nesta Casa de Leis, vem pelo presente, ap\u00f3s aprova\u00e7\u00e3o em plen\u00e1rio, INDICA, ao Chefe do Executivo Municipal, que seja determinado ao Departamento Respons\u00e1vel, a constru\u00e7\u00e3o de redutor de velocidade em pontos estrat\u00e9gicos na rua Pedro Pereira de S\u00e1, no percurso da rua Presidente Vargas at\u00e9 a rua Princesa Isabel, vale ressaltar que o atendimento desta indica\u00e7\u00e3o pelo Executivo, responder\u00e1 aos anseios dos moradores da regi\u00e3o e principalmente agora com a coloca\u00e7\u00e3o da camada asf\u00e1ltica, este local possui grande movimento de ve\u00edculos, motocicletas e pedestres, onde os moradores reclamam da falta de redutores de velocidade (quebra-molas), para coibir a velocidade dos ve\u00edculos que n\u00e3o respeitam os pedestres, muitas vezes colocando em risco a vida das pessoas, assim com a realiza\u00e7\u00e3o desta obra vai trazer seguran\u00e7a a toda a comunidade.\r\nJUSTIFICATIVA:\r\nSenhor Presidente, Senhores Vereadores e Prefeito Municipal, o pedido que ora apresentamos se reveste de grande import\u00e2ncia, haja visto a grande circula\u00e7\u00e3o de ve\u00edculos e motocicletas neste local. Como \u00e9 de conhecimento de todos a rua Pedro Pereira de S\u00e1, possui grande circula\u00e7\u00e3o de ve\u00edculos e caminh\u00f5es, por outro lado existe muitas pessoas idosas ou com mobilidade reduzida, e os condutores trafegam em alta velocidade por aquele local, colocando em risco a vida de muitos transeuntes.\r\nAssim sendo, contamos com a sensibilidade da administra\u00e7\u00e3o municipal no sentido de atender os anseios do nosso povo, bem como a aten\u00e7\u00e3o e apoio dos nobres colegas em aprovar nosso pleito.\r\nSALA DAS SESS\u00d5ES, EM 12 DE JUNHO DO ANO DE  2024\r\n\r\nElizete Divone Gradaschi\r\nVereadora","observacao":"","resultado":"","texto_original":"http://sapl.santoantoniodosudoeste.pr.leg.br/media/sapl/public/materialegislativa/2024/902/indicacao_34.2024._elizete_gradaschi._indica_construcao_de_redutor_de_velocidade_na_rua_pedro_pereira_de_sa..pdf","data_ultima_atualizacao":"2025-09-18T08:20:10.099413-03:00","ip":"45.187.139.17","ultima_edicao":"2024-06-19T10:10:36.869015-03:00","tipo":3,"regime_tramitacao":1,"tipo_origem_externa":null,"local_origem_externa":null,"user":2,"anexadas":[],"autores":[7]}