{"id":898,"__str__":"Indica\u00e7\u00e3o n\u00ba 32 de 2024","link_detail_backend":"/materia/898","metadata":{},"numero":32,"ano":2024,"numero_protocolo":37,"data_apresentacao":"2024-06-12","tipo_apresentacao":"E","data_publicacao":null,"numero_origem_externa":"","ano_origem_externa":null,"data_origem_externa":null,"apelido":"","dias_prazo":null,"data_fim_prazo":null,"em_tramitacao":true,"polemica":false,"objeto":"","complementar":false,"ementa":"Indica ao Poder Executivo Municipal para que realize as seguintes obras na rua Presidente Vargas, em frente \u00e0 Casa das Irm\u00e3s Lourdinas: \r\n1.\tConstru\u00e7\u00e3o de uma faixa de pedestre elevada.\r\n2.\tInstala\u00e7\u00e3o de uma placa de estacionamento priorit\u00e1rio para \u00f4nibus escolar, indicando os hor\u00e1rios de embarque e desembarque durante os dias \u00fateis.","indexacao":"INDICA\u00c7\u00c3O N\u00ba 31/2024\r\nProponente: Cl\u00e1udio Alain Guterres do Carmo \u2013 PSD\r\n\r\nO Vereador Cl\u00e1udio Alain Guterres do Carmo, no uso de suas atribui\u00e7\u00f5es regimentais, indica ao Poder Executivo Municipal, atrav\u00e9s do departamento competente, para que realize as seguintes obras na rua Presidente Vargas, em frente \u00e0 Casa das Irm\u00e3s Lourdinas: \r\n1.\tConstru\u00e7\u00e3o de uma faixa de pedestre elevada.\r\n2.\tInstala\u00e7\u00e3o de uma placa de estacionamento priorit\u00e1rio para \u00f4nibus escolar, indicando os hor\u00e1rios de embarque e desembarque durante os dias \u00fateis.\r\n\r\nJUSTIFICATIVA:\r\n\r\nA presente indica\u00e7\u00e3o visa principalmente, dar mais seguran\u00e7a \u00e0s crian\u00e7as que estudam na Escola das Irm\u00e3s Lourdinas (Projeto Social desenvolvido pelas Irm\u00e3s de Lourdes). Infelizmente alguns motoristas que trafegam por esta via, n\u00e3o respeitam o limite de velocidade. A instala\u00e7\u00e3o da placa de estacionamento, se faz necess\u00e1ria para que os motoristas respeitem o espa\u00e7o destinado ao embarque e desembarque do transporte.\r\n\r\nNestes Termos, Pede deferimento.\r\nPlen\u00e1rio Laurindo Fl\u00e1vio Scopel, 10 de junho de 2024.\r\n\r\nCl\u00e1udio Alain Guterres do Carmo\r\nVereador - PSD\r\n\r\nMAT\u00c9RIA LEGISLATIVA PROTOCOLIZADA PELO AUTOR VIA SAPL","observacao":"","resultado":"","texto_original":"http://sapl.santoantoniodosudoeste.pr.leg.br/media/sapl/public/materialegislativa/2024/898/indicacao_32-2024_-_claudio_do_carmo.pdf","data_ultima_atualizacao":"2025-09-18T08:20:09.827927-03:00","ip":"45.187.139.17","ultima_edicao":"2024-06-12T15:20:36.038592-03:00","tipo":3,"regime_tramitacao":1,"tipo_origem_externa":null,"local_origem_externa":null,"user":2,"anexadas":[],"autores":[6]}