{"id":897,"__str__":"Indica\u00e7\u00e3o n\u00ba 31 de 2024","link_detail_backend":"/materia/897","metadata":{},"numero":31,"ano":2024,"numero_protocolo":null,"data_apresentacao":"2024-06-10","tipo_apresentacao":"O","data_publicacao":null,"numero_origem_externa":"","ano_origem_externa":null,"data_origem_externa":null,"apelido":"","dias_prazo":null,"data_fim_prazo":null,"em_tramitacao":true,"polemica":false,"objeto":"","complementar":false,"ementa":"Indica ao Poder Executivo Municipal, para que atrav\u00e9s do departamento competente, realize a limpeza e conserva\u00e7\u00e3o nos arredores do Santu\u00e1rio de Santo Ant\u00f4nio de P\u00e1dua, patrim\u00f4nio hist\u00f3rico, cultural e religioso do munic\u00edpio Santo Ant\u00f4nio do Sudoeste - PR.","indexacao":"INDICA\u00c7\u00c3O N\u00ba 29/2024\r\nProponente: Cl\u00e1udio Alain Guterres do Carmo \u2013 PSD\r\n\r\n\r\nO Vereador Cl\u00e1udio Alain Guterres do Carmo, no uso de suas atribui\u00e7\u00f5es regimentais, indica ao Poder Executivo Municipal, para que atrav\u00e9s do departamento competente, realize a limpeza e conserva\u00e7\u00e3o nos arredores do Santu\u00e1rio de Santo Ant\u00f4nio.\r\n\r\nJUSTIFICATIVA:\r\n\r\nTendo em vista as proximidades das festividades religiosas em comemora\u00e7\u00e3o ao anivers\u00e1rio do padroeiro de Santo Ant\u00f4nio do Sudoeste no pr\u00f3ximo dia 13 de junho, v\u00e1rios fieis, simpatizantes e peregrinos enaltecem suas devo\u00e7\u00f5es durante cerimonias realizadas deste dia no Santu\u00e1rio e na Capela localizada no Morro de Santo Ant\u00f4nio. \r\n\r\nNestes Termos, Pede deferimento.\r\n\r\nPlen\u00e1rio Laurindo Fl\u00e1vio Scopel, 10 de junho de 2024.\r\n\r\n\r\nCl\u00e1udio Alain Guterres do Carmo\r\nVereador - PSD","observacao":"","resultado":"","texto_original":"http://sapl.santoantoniodosudoeste.pr.leg.br/media/sapl/public/materialegislativa/2024/897/indicacao_31-2024_-_claudio_do_carmo.pdf","data_ultima_atualizacao":"2024-06-12T15:26:43.250075-03:00","ip":"186.192.233.190","ultima_edicao":"2024-06-10T20:34:48.367854-03:00","tipo":3,"regime_tramitacao":1,"tipo_origem_externa":null,"local_origem_externa":null,"user":2,"anexadas":[],"autores":[6]}