{"id":884,"__str__":"Indica\u00e7\u00e3o n\u00ba 29 de 2024","link_detail_backend":"/materia/884","metadata":{},"numero":29,"ano":2024,"numero_protocolo":33,"data_apresentacao":"2024-06-05","tipo_apresentacao":"E","data_publicacao":null,"numero_origem_externa":"","ano_origem_externa":null,"data_origem_externa":null,"apelido":"","dias_prazo":null,"data_fim_prazo":null,"em_tramitacao":true,"polemica":false,"objeto":"","complementar":false,"ementa":"Indica ao Poder Executivo Municipal, para que realize uma obra de remodela\u00e7\u00e3o, revitaliza\u00e7\u00e3o e paisagismo na nossa Avenida Brasil, com seguintes objetivos:\r\n1.\tAmpliar o espa\u00e7o das pistas de rodagem;\r\n2.\tConstruir recuos de estacionamento intercalados nas duas margens, interna e externa, de ambas as pistas de rodagem, ascendente e descendente;\r\n3.\tCriar espa\u00e7os com bancos, \u00e1rvores ornamentais e cal\u00e7adas entremeio as pistas de rodagem.","indexacao":"INDICA\u00c7\u00c3O N\u00ba 29/2024\r\nProponente: Cl\u00e1udio Alain Guterres do Carmo \u2013 PSD\r\n\r\n\r\n\r\n \tO Vereador Cl\u00e1udio Alain Guterres do Carmo, no uso de suas atribui\u00e7\u00f5es regimentais, indica ao Poder Executivo Municipal, para que realize uma obra de remodela\u00e7\u00e3o, revitaliza\u00e7\u00e3o e paisagismo na nossa Avenida Brasil, com seguintes objetivos:\r\n\r\n1.\tAmpliar o espa\u00e7o das pistas de rodagem;\r\n2.\tConstruir recuos de estacionamento intercalados nas duas margens, interna e externa, de ambas as pistas de rodagem, ascendente e descendente; e\r\n3.\tCriar espa\u00e7os com bancos, \u00e1rvores ornamentais e cal\u00e7adas entremeio as pistas de rodagem.\r\nJUSTIFICATIVA:\r\n\r\n  \tA presente indica\u00e7\u00e3o visa dar mais funcionalidade e beleza \u00e0 Avenida Brasil, principal via urbana do nosso Munic\u00edpio. Nossa Avenida j\u00e1 teve maior funcionalidade e espa\u00e7o, tanto para estacionamento, quanto para trafegabilidade de ve\u00edculos e pessoas. Por isto, se pode afirmar, que o atendimento da presente indica\u00e7\u00e3o \u00e9 de utilidade e de interesse p\u00fablicos.\r\n \tDessa forma, a principal via urbana do nosso Adorado Rinc\u00e3o se tornar\u00e1 mais funcional, al\u00e9m de mais bela.\r\n\r\nCl\u00e1udio Alain Guterres do Carmo\r\nVereador - PSD","observacao":"","resultado":"","texto_original":"http://sapl.santoantoniodosudoeste.pr.leg.br/media/sapl/public/materialegislativa/2024/884/indicacao_29-2024_-_claudio_do_carmo.pdf","data_ultima_atualizacao":"2025-09-18T08:20:09.469489-03:00","ip":"45.187.139.17","ultima_edicao":"2024-06-05T15:32:17.599682-03:00","tipo":3,"regime_tramitacao":1,"tipo_origem_externa":null,"local_origem_externa":null,"user":2,"anexadas":[],"autores":[6]}