{"id":819,"__str__":"Projeto de Lei Ordin\u00e1ria - Executivo n\u00ba 16 de 2024","link_detail_backend":"/materia/819","metadata":{"signs":{"texto_original":{"admin":[],"autores":[["Ricardo Antonio Ortina",["2024-05-09T08:30:27-03:00","ICP-Brasil"]]]}}},"numero":16,"ano":2024,"numero_protocolo":null,"data_apresentacao":"2024-05-08","tipo_apresentacao":"E","data_publicacao":null,"numero_origem_externa":"","ano_origem_externa":null,"data_origem_externa":null,"apelido":"","dias_prazo":null,"data_fim_prazo":null,"em_tramitacao":false,"polemica":false,"objeto":"","complementar":false,"ementa":"PROJETO DE LEI DO EXECUTIVO N\u00ba 16/2024 - \"S\u00daMULA: ABRE CR\u00c9DITO ADICIONAL SUPLEMENTAR NA LOA, ALTERA AS A\u00c7\u00d5ES DO PPA E LDO, DO MUNIC\u00cdPIO DE SANTO ANTONIO DO SUDOESTE, PARA O EXERC\u00cdCIO DE 2024 e D\u00c1 OUTRAS PROVID\u00caNCIAS\".","indexacao":"Art. 1\u00ba - Fica aberto um Cr\u00e9dito Adicional no Or\u00e7amento, no PPA e LDO do Munic\u00edpio de Santo Ant\u00f4nio do Sudoeste para o exerc\u00edcio de 2024, no valor de   R$ 1.010.190,00 (Um Milh\u00e3o, Dez Mil, Cento e Noventa Reais), conforme se especifica a seguir:\r\n\r\nSuplementar\r\nC\u00f3digos\tDescri\u00e7\u00e3o\tValor\r\n05\tSECRETARIA DE OBRAS E SERVI\u00c7OS P\u00daBLICOS\t\r\n05.002\tDEPARTAMENTO DE URBANISMO \t\r\n15.451.2602.2012\tMANUTEN\u00c7\u00c3O DE DEPARTAMENTO DE URBANISMO \t\r\n3.3.90.93.00.00\tINDENIZA\u00c7\u00d5ES E RESTITUI\u00c7\u00d5ES\t\r\n772\t01105-CONV.MDR/CEF/IMPLANTA\u00c7\u00c3O DE CAL\u00c7ADAS VIAS URBANAS 939630/2022 FTE 1105\t50.000,00\r\n4.4.90.51.00.00\tOBRAS E INSTALA\u00c7\u00d5ES\t\r\n844\t01105-CONV.MDR/CEF/IMPLANTA\u00c7\u00c3O DE CAL\u00c7ADAS VIAS URBANAS 939630/2022 FTE 1105\t960.190,00\r\n\tSUBTOTAL\t1.010.190,00\r\n\tTOTAL\t1.010.190,00\r\n\r\n Art. 2\u00ba - Para cobertura dos Cr\u00e9ditos indicados no artigo anterior, ser\u00e3o utilizados recursos da seguinte maneira:\r\nI \u2013 Excesso de arrecada\u00e7\u00e3o;\r\nConta de receita\r\nReceita\tDescri\u00e7\u00e3o\tValor\r\n1.3.2.1.01.0.1.04.\r\n53.00.00.00\tREND.APLIC.FINANC/CONV/FED/ MDR- IMPLANTA\u00c7\u00c3O DE CAL\u00c7ADAS VIAS URBANAS 939630/2022 FONTE 1105\t50.000,00\r\n\tTOTAL\t50.000,00\r\n\r\nArt. 3\u00ba - Ficam alteradas as a\u00e7\u00f5es do or\u00e7amento do exerc\u00edcio de 2024, para fins de compatibiliza\u00e7\u00e3o com o Plano Plurianual \u2013 PPA e o anexo de metas e prioridades da Lei de Diretrizes.\r\n\r\nArt. 4\u00ba - Este Decreto entrara em vigor na data de sua assinatura, revogadas as disposi\u00e7\u00f5es em contr\u00e1rio. \r\n\r\nSanto Ant\u00f4nio do Sudoeste, em 08 de maio de 2024.\r\n\r\n\r\n\r\n____________________________________\r\n                      Ricardo Antonio Orti\u00f1a\r\n                           Prefeito Municipal","observacao":"JUSTIFICATIVA AO PROJETO DE LEI N\u00ba 016/2024\r\n\r\n  O Projeto de Lei n\u00ba. 016/2024 trata-se da suplementa\u00e7\u00e3o or\u00e7ament\u00e1ria necess\u00e1ria para execu\u00e7\u00e3o das seguintes despesas:\r\n\r\n\u2022\tR$960.190,00 - Conv\u00eanio Federal n.\u00ba 939630/2022 celebrado com a Minist\u00e9rio de Integra\u00e7\u00e3o e Desenvolvimento Regional \u2013MDR, para implanta\u00e7\u00e3o de cal\u00e7adas em diversos trechos nas seguintes vias urbanas: Rua Presidente Vargas, Afonso Arrechea, Natal, Rep\u00fablica Argentina, Wilmut Iser, Cerilo Zottis, Jesu\u00edno Teodorico de Andrade e Sete de Setembro.\r\n\u2022\tR$50.000,00 \u2013 Restitui\u00e7\u00e3o ao Minist\u00e9rio de Integra\u00e7\u00e3o e Desenvolvimento Regional \u2013 MDR do rendimento de aplica\u00e7\u00e3o financeira do Conv\u00eanio Federal n.\u00ba 939630/2022.\r\n\r\n\r\nSanto Ant\u00f4nio do Sudoeste, em 08 de maio de 2024.\r\n\r\n\r\n\r\n_________________________________\r\n                      Ricardo Antonio Orti\u00f1a\r\n                           Prefeito Municipal","resultado":"","texto_original":"http://sapl.santoantoniodosudoeste.pr.leg.br/media/sapl/public/materialegislativa/2024/819/projeto_de_lei_016_2024.pdf","data_ultima_atualizacao":"2024-05-14T09:32:42.058142-03:00","ip":"45.187.139.17","ultima_edicao":"2024-05-10T10:00:59.019972-03:00","tipo":13,"regime_tramitacao":2,"tipo_origem_externa":null,"local_origem_externa":null,"user":3,"anexadas":[828,829,832],"autores":[1]}