{"id":810,"__str__":"Indica\u00e7\u00e3o n\u00ba 25 de 2024","link_detail_backend":"/materia/810","metadata":{},"numero":25,"ano":2024,"numero_protocolo":null,"data_apresentacao":"2024-04-19","tipo_apresentacao":"E","data_publicacao":null,"numero_origem_externa":"","ano_origem_externa":null,"data_origem_externa":null,"apelido":"","dias_prazo":null,"data_fim_prazo":null,"em_tramitacao":false,"polemica":false,"objeto":"","complementar":false,"ementa":"Indica ao Executivo Municipal que analise a possibilidade de incluir no programa de recapeamento asf\u00e1ltico, a pavimenta\u00e7\u00e3o de todas as ruas do Parque das Emba\u00favas.","indexacao":"INDICA\u00c7\u00c3O N\u00ba 25/2024\r\n(Proponente: Marcos de Oliveira \u2013 PSD)\r\n\r\n\r\nIndica ao Executivo Municipal que analise a possibilidade de incluir no programa de recapeamento asf\u00e1ltico, a pavimenta\u00e7\u00e3o de todas as ruas do Parque das Emba\u00favas.\r\n \t\tO Vereador infra-assinado, Marcos de Oliveira - PSD, no uso de suas atribui\u00e7\u00f5es legais e regimentais, indica ao Executivo Municipal, atrav\u00e9s do departamento competente que analise a possibilidade de pavimentar com camada asf\u00e1ltica todas as ruas do Parque das Emba\u00favas.\r\n\r\n \t\tJustifica-se o pedido, atendendo solicita\u00e7\u00e3o dos residentes desta localidade.  Essa melhoria proporcionar\u00e1 maior qualidade de vida, seguran\u00e7a e comodidade a todos os mun\u00edcipes que nestas localidades residem ou trafegam.  \r\n\r\nNestes termos, pedem deferimento. \r\n\r\n \t\tPlen\u00e1rio Laurindo Fl\u00e1vio Scopel, 19 de mar\u00e7o de 2024.\r\n\r\n\r\n\r\n\r\nMarcos de Oliveira\r\nVereador - PSD","observacao":"","resultado":"","texto_original":null,"data_ultima_atualizacao":"2024-04-24T20:35:32.017335-03:00","ip":"45.187.139.17","ultima_edicao":"2024-04-22T19:02:42.263804-03:00","tipo":3,"regime_tramitacao":1,"tipo_origem_externa":null,"local_origem_externa":null,"user":2,"anexadas":[],"autores":[9]}