{"id":739,"__str__":"Indica\u00e7\u00e3o n\u00ba 13 de 2024","link_detail_backend":"/materia/739","metadata":{},"numero":13,"ano":2024,"numero_protocolo":null,"data_apresentacao":"2024-02-22","tipo_apresentacao":"E","data_publicacao":null,"numero_origem_externa":"","ano_origem_externa":null,"data_origem_externa":null,"apelido":"","dias_prazo":null,"data_fim_prazo":null,"em_tramitacao":true,"polemica":false,"objeto":"","complementar":false,"ementa":"INDICA\u00c7\u00c3O N.\u00ba 13/2024 - Indica ao Executivo Municipal, atrav\u00e9s do Departamento competente, que estude a possibilidade da instala\u00e7\u00e3o de Pontos de \u00d4nibus nos locais que especifica.\r\n1.\tRua Marfim - Bairro Jardim Fronteira (pr\u00f3ximo ao Posto de Sa\u00fade da Fam\u00edlia \u2013 PSF At\u00edlio Dias);\r\n2.\tRua General Os\u00f3rio - Bairro Entre Rios (pr\u00f3ximo ao Col\u00e9gio Interventor Manoel Ribas);\r\n3.\tRua Rio Grande - Parque das Emba\u00favas;\r\n4.\tRua Fortaleza - Bairro Novo Horizonte;\r\n5.\tRua Cirilo Zottis - Bairro Vila Nova (Pr\u00f3ximo ao CRAS);\r\n6.\tRua Jo\u00e3o Scalon - Bairro Princesa Isabel;\r\n7.\tRua Cerro Negro - Loteamento Spader (pr\u00f3ximo ao \u201cBolach\u00e3o\u201d); e\r\n8.\tRua \u00c2ngelo Milani - Bairro Vila Aurora (em frente ao Col\u00e9gio Pedro Santos)","indexacao":"INDICA\u00c7\u00c3O N.\u00ba 13/2024\r\n(Proponente: Micheli Alves de Lima)\r\n\r\n\r\nIndica ao Executivo Municipal, atrav\u00e9s do Departamento competente, que estude a possibilidade da instala\u00e7\u00e3o de Pontos de \u00d4nibus nos locais que especifica.\r\n\r\nA vereadora infra-assinado, Micheli Alves de Lima, no uso de suas atribui\u00e7\u00f5es legais e regimentais, indica ao Executivo Municipal, atrav\u00e9s do Departamento competente, que estude a possibilidade da instala\u00e7\u00e3o de Pontos de \u00d4nibus nos locais abaixo especificados:\r\n1.\tRua Marfim - Bairro Jardim Fronteira (pr\u00f3ximo ao Posto de Sa\u00fade da Fam\u00edlia \u2013 PSF At\u00edlio Dias);\r\n2.\tRua General Os\u00f3rio - Bairro Entre Rios (pr\u00f3ximo ao Col\u00e9gio Interventor Manoel Ribas);\r\n3.\tRua Rio Grande - Parque das Emba\u00favas;\r\n4.\tRua Fortaleza - Bairro Novo Horizonte;\r\n5.\tRua Cirilo Zottis - Bairro Vila Nova (Pr\u00f3ximo ao CRAS);\r\n6.\tRua Jo\u00e3o Scalon - Bairro Princesa Isabel;\r\n7.\tRua Cerro Negro - Loteamento Spader (pr\u00f3ximo ao \u201cBolach\u00e3o\u201d); e\r\n8.\tRua \u00c2ngelo Milani - Bairro Vila Aurora (em frente ao Col\u00e9gio Pedro Santos)\r\n\r\nJUSTIFICATIVA\r\n\r\n \t\u00c9 de suma import\u00e2ncia a tomada de provid\u00eancias visando a implanta\u00e7\u00e3o dos referidos pontos de \u00f4nibus com cobertura e com banco, tendo em vista que atualmente os usu\u00e1rios do transporte coletivo est\u00e3o totalmente desprotegidos, ocasionando transtornos, principalmente nos dias chuvosos.\r\nPlen\u00e1rio Laurindo Fl\u00e1vio Scopel, 22 de fevereiro de 2024.\r\n\r\n\r\nMicheli Alves de Lima\r\nVereadora","observacao":"","resultado":"","texto_original":"http://sapl.santoantoniodosudoeste.pr.leg.br/media/sapl/public/materialegislativa/2024/739/indicacao_no_13-2024_-_vereadora_micheli_de_lima.pdf","data_ultima_atualizacao":"2025-09-18T08:20:07.776271-03:00","ip":"45.187.139.17","ultima_edicao":"2024-02-26T18:40:56.393755-03:00","tipo":3,"regime_tramitacao":1,"tipo_origem_externa":null,"local_origem_externa":null,"user":2,"anexadas":[],"autores":[12]}