{"id":723,"__str__":"Indica\u00e7\u00e3o n\u00ba 7 de 2024","link_detail_backend":"/materia/723","metadata":{},"numero":7,"ano":2024,"numero_protocolo":13,"data_apresentacao":"2024-02-15","tipo_apresentacao":"E","data_publicacao":null,"numero_origem_externa":"","ano_origem_externa":null,"data_origem_externa":null,"apelido":"","dias_prazo":null,"data_fim_prazo":null,"em_tramitacao":true,"polemica":false,"objeto":"","complementar":false,"ementa":"Indica \u00e0 Administra\u00e7\u00e3o P\u00fablica Municipal, para que atrav\u00e9s do Departamento de Urbanismo, construa uma escada em terreno inclinado (barranco) e uma faixa de eleva\u00e7\u00e3o, no trecho de asfalto da BR163 que separa o Bairro Vila Catarina, acesso ao centro social desta comunidade, e ao Bairro Parque das Embauvas.","indexacao":"Vereador Cl\u00e1udio Alain Guterres do Carmo, vereador com assento nesta Casa de Leis, no uso de suas atribui\u00e7\u00f5es regimentais, indica \u00e0 Administra\u00e7\u00e3o P\u00fablica Municipal, para que atrav\u00e9s do Departamento de Urbanismo, construa uma escada em terreno inclinado (barranco) e uma faixa de eleva\u00e7\u00e3o, no trecho de asfalto da BR163 que separa o Bairro Vila Catarina, acesso ao centro social desta comunidade, e ao Bairro Parque das Embauvas, mais ou menos na frente da empresa KDU. \u00c9 importante esclarecer que este local \u00e9 bastante utilizado, j\u00e1 h\u00e1 muito tempo, pelas pessoas que cruzam de um bairro para outro, sem sua grande maioria os oper\u00e1rios das f\u00e1bricas, que necessitam usar esse caminho, mais curto, para irem e voltarem dos seus trabalhos.\r\n\r\n\r\nJustificativa: O referido \u201cbarranco\u201d que margeia a BR163, no trecho compreendido acima, \u00e9 bastante \u00edngreme, o que poder\u00e1 ocasionar acidentes, especialmente em dias de chuvas. Al\u00e9m disso, os pedestres ainda t\u00eam que se sujeitarem atravessar a BR163, que corta a \u00e1rea urbana do nosso Adorado Rinc\u00e3o, o que tamb\u00e9m se torna um risco di\u00e1rio de acidentes. Desta forma, a constru\u00e7\u00e3o tanto da faixa de eleva\u00e7\u00e3o, quanto da escada no barranco, ir\u00e1 proporcionar maior seguran\u00e7a e comodidade ao mun\u00edcipes santo-antonienses, que necessitam fazer aquele trajeto todos os dias.","observacao":"","resultado":"","texto_original":"http://sapl.santoantoniodosudoeste.pr.leg.br/media/sapl/public/materialegislativa/2024/723/indicacao_no_07.2024_-_vereador_claudio_alain_do_carmo.pdf","data_ultima_atualizacao":"2025-09-18T08:20:06.825624-03:00","ip":"45.187.139.17","ultima_edicao":"2024-02-21T15:36:47.657555-03:00","tipo":3,"regime_tramitacao":1,"tipo_origem_externa":null,"local_origem_externa":null,"user":2,"anexadas":[],"autores":[6]}