{"id":702,"__str__":"Indica\u00e7\u00e3o n\u00ba 5 de 2024","link_detail_backend":"/materia/702","metadata":{},"numero":5,"ano":2024,"numero_protocolo":8,"data_apresentacao":"2024-01-19","tipo_apresentacao":"E","data_publicacao":null,"numero_origem_externa":"","ano_origem_externa":null,"data_origem_externa":null,"apelido":"","dias_prazo":null,"data_fim_prazo":null,"em_tramitacao":true,"polemica":false,"objeto":"","complementar":false,"ementa":"Reiterando Requerimentos e Indica\u00e7\u00f5es, indica \u00e0 Administra\u00e7\u00e3o P\u00fablica Municipal para que realizem estudos de viabilidade \u00e0 concess\u00e3o e implanta\u00e7\u00e3o de linhas de \u00f4nibus para o transporte urbano, especialmente, para atender os oper\u00e1rios da ind\u00fastria e do com\u00e9rcio, residentes nos bairros mais distantes do centro e da \u00e1rea industrial.","indexacao":"INDICA\u00c7\u00c3O 05/2024\r\n(Autoria: Claudio Alain Guterres do Carmo \u2013 PL)\r\n\r\n\r\n \t Cl\u00e1udio Alain Guterres do Carmo, vereador com assento nesta Casa de Leis, no uso de suas atribui\u00e7\u00f5es regimentais, indica \u00e0 Administra\u00e7\u00e3o P\u00fablica Municipal, atrav\u00e9s dos Departamentos de Obras, Servi\u00e7os P\u00fablicos, Engenharia e Urbanismo, reiterando os Requerimentos 018/2014 e 018/2016, bem como, as Indica\u00e7\u00f5es 024/2017, 026/2018, 0003/2020, e a Indica\u00e7\u00e3o Verbal apresentada no ano de 2022 e aprovada por este douto plen\u00e1rio, para que realizem um estudo de viabilidade \u00e0 concess\u00e3o e implanta\u00e7\u00e3o de linhas de \u00f4nibus para o transporte urbano, especialmente, para atender os oper\u00e1rios da ind\u00fastria e do com\u00e9rcio, residentes nos bairros mais distantes do centro e da \u00e1rea industrial. Isto propiciar\u00e1 mais seguran\u00e7a e comodidade aos oper\u00e1rios, tanto da ind\u00fastria, quanto do com\u00e9rcio, bem como a toda popula\u00e7\u00e3o santo-antoniense, al\u00e9m de gerar mais economia \u00e0s fam\u00edlias que se utilizarem do servi\u00e7o de transporte urbano, com a redu\u00e7\u00e3o do custo com o combust\u00edvel e \u00e0 manuten\u00e7\u00e3o dos ve\u00edculos particulares, utilizados para o deslocamento e a locomo\u00e7\u00e3o urbana melhorando, inclusive, a trafegabilidade do tr\u00e2nsito, com a redu\u00e7\u00e3o dos ve\u00edculos.\r\nJUSTIFICATIVA\r\n \t\tA presente indica\u00e7\u00e3o, que reitera os requerimentos e as indica\u00e7\u00f5es retro indicadas, tem car\u00e1ter social, haja vista que objetiva melhorar a qualidade de vida dos mun\u00edcipes santo santo-antonienses, especialmente \u00e0 classe oper\u00e1ria, proporcionando-lhes maior conforto, seguran\u00e7a, comodidade, al\u00e9m de lhes gerar uma maior economia com a manuten\u00e7\u00e3o de ve\u00edculos e com o gasto de combust\u00edvel, para se deslocarem at\u00e9 o trabalho. Destarte, se atendida a presente indica\u00e7\u00e3o, estar-se-\u00e1 atendendo uma necessidade de ordem p\u00fablica, voltada \u00e0s classes mais necessitadas de melhores condi\u00e7\u00f5es no que se refere ao transporte urbano. Al\u00e9m disso, por consequ\u00eancia, se for implementado o meio e transporte, indicado pela presente, resolver\u00e1 o problema da falta de estacionamento nos hor\u00e1rios comerciais, em nossa Avenida Brasil, pois, \u00e9 p\u00fablico e not\u00f3rio, que boa parte do estacionamento p\u00fablico acaba sendo ocupada, por ve\u00edculos pertencentes aos funcion\u00e1rios do com\u00e9rcio.\r\n \t\tNestes Termos, pede deferimento.\r\n \t\tPlen\u00e1rio Laurindo Fl\u00e1vio Scopel, 18 de janeiro de 2023.\r\nCl\u00e1udio Alain Guterres do Carmo\r\nVereador \u2013 PL\r\n\r\n\r\n\r\n\r\nMAT\u00c9RIA LEGISLATIVA PROTOLOLIZADA PELO AUTOR VIA SAPL","observacao":"","resultado":"","texto_original":"http://sapl.santoantoniodosudoeste.pr.leg.br/media/sapl/public/materialegislativa/2024/702/indicacao_no_05.2024_-_vereador_claudio_alain_do_carmo.pdf","data_ultima_atualizacao":"2025-09-18T08:20:06.529430-03:00","ip":"45.187.139.17","ultima_edicao":"2024-01-19T13:49:34.082253-03:00","tipo":3,"regime_tramitacao":1,"tipo_origem_externa":null,"local_origem_externa":null,"user":2,"anexadas":[],"autores":[6]}