{"id":697,"__str__":"Indica\u00e7\u00e3o n\u00ba 4 de 2024","link_detail_backend":"/materia/697","metadata":{},"numero":4,"ano":2024,"numero_protocolo":6,"data_apresentacao":"2024-01-18","tipo_apresentacao":"E","data_publicacao":null,"numero_origem_externa":"","ano_origem_externa":null,"data_origem_externa":null,"apelido":"","dias_prazo":null,"data_fim_prazo":null,"em_tramitacao":true,"polemica":false,"objeto":"","complementar":false,"ementa":"Reitera indica\u00e7\u00e3o 008/2021, indica ao Executivo Municipal a disponibiliza\u00e7\u00e3o de equipe t\u00e9cnica de vigil\u00e2ncia e monitoramento das c\u00e2meras instaladas no munic\u00edpio, bem como, regulamentar o uso e acesso das imagens, de acordo com a Lei Geral de Prote\u00e7\u00e3o de Dados \u2013 LGPD \u2013 Lei n.\u00ba 13.709/2018.","indexacao":"INDICA\u00c7\u00c3O 04/2024\r\n(autoria: Claudio Alain Guterres do Carmo \u2013 PL)\r\n\r\n \t\tVereador Cl\u00e1udio Alain Guterres do Carmo, vereador com assento nesta Casa de Leis, no uso de suas atribui\u00e7\u00f5es regimentais, com fulcro nos artigos 113 e 114, do Regimento Interno deste Poder Legislativo, reitera indica\u00e7\u00e3o 008/2021, para que o Executivo Municipaql disponibilize uma equipe de vigil\u00e2ncia e monitoramento exclusiva, para cuidar das C\u00e2meras de Monitoramento instaladas no \u00e2mbito municipal ou, para que terceirize tal servi\u00e7o a uma empresa especializada em vigil\u00e2ncia e monitoramento bem como, regulamentar o uso e acesso das imagens capturadas pelas c\u00e2meras de monitoramento, instaladas no \u00e2mbito municipal, de acordo com a Lei Geral de Prote\u00e7\u00e3o de Dados \u2013 LGPD \u2013 Lei n.\u00ba 13.709/2018.\r\nJustificativa\r\n A presente indica\u00e7\u00e3o visa dar maior controle e seguran\u00e7a no uso e tratamento das imagens obtidas atrav\u00e9s das c\u00e2meras de monitoramento instaladas no \u00e2mbito municipal, de acordo com o que preconiza a LGPD.\r\n\r\nCl\u00e1udio Alain Guterres do Carmo \r\nVereador - PL\r\n \r\nMAT\u00c9RIA LEGISLATIVA PROTOLOLIZADA PELO AUTOR VIA SAPL","observacao":"","resultado":"","texto_original":"http://sapl.santoantoniodosudoeste.pr.leg.br/media/sapl/public/materialegislativa/2024/697/indicacao_no_04.2024_-_vereador_claudio_alain_do_carmo.pdf","data_ultima_atualizacao":"2025-09-18T08:20:06.381491-03:00","ip":"45.187.139.17","ultima_edicao":"2024-01-19T13:59:54.526576-03:00","tipo":3,"regime_tramitacao":1,"tipo_origem_externa":null,"local_origem_externa":null,"user":2,"anexadas":[],"autores":[6]}