{"id":1839,"__str__":"Indica\u00e7\u00e3o n\u00ba 115 de 2025","link_detail_backend":"/materia/1839","metadata":{},"numero":115,"ano":2025,"numero_protocolo":null,"data_apresentacao":"2025-09-29","tipo_apresentacao":"O","data_publicacao":null,"numero_origem_externa":"","ano_origem_externa":null,"data_origem_externa":null,"apelido":"","dias_prazo":null,"data_fim_prazo":null,"em_tramitacao":true,"polemica":false,"objeto":"","complementar":false,"ementa":"Indica ao Poder Executivo Municipal a instala\u00e7\u00e3o de c\u00e2meras de seguran\u00e7a no Parque das Embauvas, bem como, se poss\u00edvel, em demais bairros da cidade.","indexacao":"INDICA\u00c7\u00c3O N\u00ba 115/2025\r\nAutora: Vereadora Eliz Maria Gradaschi Scalon\r\n\r\nIndica ao Poder Executivo Municipal a instala\u00e7\u00e3o de c\u00e2meras de seguran\u00e7a no Parque das Embauvas, bem como, se poss\u00edvel, em demais bairros da cidade.\r\n\r\nNa forma regimental, apresento indica\u00e7\u00e3o verbal ao Excelent\u00edssimo Senhor Prefeito Municipal, solicitando provid\u00eancias quanto \u00e0 instala\u00e7\u00e3o de c\u00e2meras de seguran\u00e7a no Parque das Embauvas.\r\nJUSTIFICATIVA:\r\nA medida se faz necess\u00e1ria diante das frequentes reclama\u00e7\u00f5es dos moradores e visitantes, que relatam epis\u00f3dios de inseguran\u00e7a e furtos ocorridos naquela localidade. Como \u00e9 de conhecimento desta Casa de Leis, os \u00edndices de ocorr\u00eancias t\u00eam gerado grande preocupa\u00e7\u00e3o entre a popula\u00e7\u00e3o.\r\nA instala\u00e7\u00e3o de equipamentos de monitoramento contribuir\u00e1 para inibir a\u00e7\u00f5es criminosas, ampliar a sensa\u00e7\u00e3o de seguran\u00e7a e auxiliar na identifica\u00e7\u00e3o de poss\u00edveis autores de delitos. Ressalto, ainda, que, se poss\u00edvel, tal medida seja estendida a outros bairros do munic\u00edpio, fortalecendo a seguran\u00e7a p\u00fablica em todo o territ\u00f3rio urbano.\r\nTrata-se de uma demanda leg\u00edtima da comunidade, que visa proteger as fam\u00edlias, promover tranquilidade e garantir que os espa\u00e7os p\u00fablicos sejam utilizados com seguran\u00e7a por todos os cidad\u00e3os.\r\n\r\nSala das Sess\u00f5es, em 29 de setembro de 2025.\r\n\r\nEliz Maria Gradaschi Scalon\r\nVereadora/PSDB","observacao":"","resultado":"","texto_original":null,"data_ultima_atualizacao":"2025-09-30T10:02:46.208575-03:00","ip":"45.187.139.17","ultima_edicao":"2025-09-30T09:53:30.458787-03:00","tipo":3,"regime_tramitacao":1,"tipo_origem_externa":null,"local_origem_externa":null,"user":2,"anexadas":[],"autores":[57]}