{"id":1685,"__str__":"Parecer Comiss\u00e3o de Obras, Serv. P\u00fab. e Patrim\u00f4nio n\u00ba 57 de 2025","link_detail_backend":"/materia/1685","metadata":{},"numero":57,"ano":2025,"numero_protocolo":null,"data_apresentacao":"2025-08-04","tipo_apresentacao":"E","data_publicacao":null,"numero_origem_externa":"","ano_origem_externa":null,"data_origem_externa":null,"apelido":"","dias_prazo":null,"data_fim_prazo":null,"em_tramitacao":true,"polemica":false,"objeto":"","complementar":false,"ementa":"EMENTA DO PARECER:\r\nOpina favoravelmente \u00e0 aprova\u00e7\u00e3o do Projeto de Lei n\u00ba 091/2025, que disp\u00f5e sobre a desafeta\u00e7\u00e3o de \u00e1rea de terra integrante do patrim\u00f4nio p\u00fablico municipal, para fins de regulariza\u00e7\u00e3o, aliena\u00e7\u00e3o ou outro uso de interesse p\u00fablico.","indexacao":"PARECER N\u00ba 057/2025\r\nDA COMISS\u00c3O DE OBRAS, SERVI\u00c7OS P\u00daBLICOS E PATRIM\u00d4NIO\r\nAO PROJETO DE LEI N\u00ba 091/2025\r\n\r\nEMENTA DO PARECER:\r\nOpina favoravelmente \u00e0 aprova\u00e7\u00e3o do Projeto de Lei n\u00ba 091/2025, que disp\u00f5e sobre a desafeta\u00e7\u00e3o de \u00e1rea de terra integrante do patrim\u00f4nio p\u00fablico municipal, para fins de regulariza\u00e7\u00e3o, aliena\u00e7\u00e3o ou outro uso de interesse p\u00fablico.\r\n\r\nRELAT\u00d3RIO:\r\nO Projeto de Lei n\u00ba 091/2025, de iniciativa do Poder Executivo Municipal, prop\u00f5e a desafeta\u00e7\u00e3o de \u00e1rea de terra p\u00fablica com a finalidade de permitir sua futura utiliza\u00e7\u00e3o para fins diversos, conforme as necessidades da Administra\u00e7\u00e3o P\u00fablica, como aliena\u00e7\u00e3o, permuta, concess\u00e3o ou regulariza\u00e7\u00e3o fundi\u00e1ria.\r\nA desafeta\u00e7\u00e3o constitui ato necess\u00e1rio para a altera\u00e7\u00e3o da natureza jur\u00eddica do bem, convertendo-o de bem de uso comum do povo ou de uso especial em bem dominical, o que permite a livre disposi\u00e7\u00e3o, sempre respeitado o interesse p\u00fablico.\r\n\r\nAN\u00c1LISE E FUNDAMENTA\u00c7\u00c3O:\r\nA proposta est\u00e1 em conformidade com:\r\n\u2022\tO art. 17 da Lei Federal n\u00ba 8.666/1993, que exige lei espec\u00edfica para aliena\u00e7\u00e3o ou concess\u00e3o de uso de bens im\u00f3veis p\u00fablicos;\r\n\u2022\tO art. 30 da Constitui\u00e7\u00e3o Federal, que estabelece a compet\u00eancia municipal para dispor sobre seus bens;\r\n\u2022\tA Lei Org\u00e2nica Municipal, que condiciona a desafeta\u00e7\u00e3o \u00e0 pr\u00e9via autoriza\u00e7\u00e3o legislativa.\r\nEsta Comiss\u00e3o entende que a desafeta\u00e7\u00e3o da \u00e1rea mencionada representa medida leg\u00edtima, legal e oportuna, viabilizando a\u00e7\u00f5es administrativas voltadas \u00e0 boa gest\u00e3o do patrim\u00f4nio p\u00fablico municipal.\r\n\r\nCONCLUS\u00c3O:\r\nAssim, considerando o interesse p\u00fablico demonstrado e a legalidade do procedimento, esta Comiss\u00e3o emite parecer favor\u00e1vel \u00e0 aprova\u00e7\u00e3o do Projeto de Lei n\u00ba 091/2025.\r\n\r\nSala das Comiss\u00f5es, 04 de agosto de 2025.\r\n_________________________________\r\nVereadora Ana Marcia Bandeira Machado\r\nPresidente da Comiss\u00e3o\r\n_________________________________\r\nVereador Vilson Lima dos Santos Junior\r\nRelator\r\n_________________________________\r\nVereador Jorge Pereira da Silva\r\nSecret\u00e1rio","observacao":"","resultado":"","texto_original":"http://sapl.santoantoniodosudoeste.pr.leg.br/media/sapl/public/materialegislativa/2025/1685/parecer_57_de_obras.docx","data_ultima_atualizacao":"2025-08-05T10:57:34.543930-03:00","ip":"45.187.139.17","ultima_edicao":"2025-08-04T11:22:40.862717-03:00","tipo":19,"regime_tramitacao":2,"tipo_origem_externa":null,"local_origem_externa":null,"user":19,"anexadas":[],"autores":[23]}