{"id":1653,"__str__":"Parecer da Comiss\u00e3o de Finan\u00e7as e Or\u00e7amento n\u00ba 67 de 2025","link_detail_backend":"/materia/1653","metadata":{},"numero":67,"ano":2025,"numero_protocolo":null,"data_apresentacao":"2025-06-30","tipo_apresentacao":"E","data_publicacao":null,"numero_origem_externa":"","ano_origem_externa":null,"data_origem_externa":null,"apelido":"","dias_prazo":null,"data_fim_prazo":null,"em_tramitacao":true,"polemica":false,"objeto":"","complementar":false,"ementa":"Parecer da Comiss\u00e3o de Finan\u00e7as e Or\u00e7amento ao Projeto de Lei n\u00ba 086/2025, que regulamenta o uso do Centro Social localizado no Centro de Conviv\u00eancia Edil Maria Cantelmo Traiano, em Santo Ant\u00f4nio do Sudoeste/PR. Opina favoravelmente, por considerar que a cobran\u00e7a de taxas previstas est\u00e1 compat\u00edvel com os princ\u00edpios da responsabilidade fiscal, n\u00e3o gera impacto or\u00e7ament\u00e1rio irregular e respeita as normas legais e or\u00e7ament\u00e1rias vigentes.","indexacao":"PARECER N\u00ba 67/2025\r\nCOMISS\u00c3O DE FINAN\u00c7AS E OR\u00c7AMENTO\r\nProjeto de Lei n\u00ba 086/2025\r\nEmenta: Disp\u00f5e sobre a regulamenta\u00e7\u00e3o do uso do Centro Social localizado no Centro de Conviv\u00eancia Edil Maria Cantelmo Traiano, situado na Rua Jesu\u00edno Teodorico de Andrade, Centro \u2013 Santo Ant\u00f4nio do Sudoeste, e d\u00e1 outras provid\u00eancias.\r\n\r\nI \u2013 RELAT\u00d3RIO\r\n\r\nO Projeto de Lei n\u00ba 086/2025, de autoria do Poder Executivo Municipal, disp\u00f5e sobre a regulamenta\u00e7\u00e3o da utiliza\u00e7\u00e3o do espa\u00e7o p\u00fablico denominado Centro Social, localizado no Centro de Conviv\u00eancia Edil Maria Cantelmo Traiano. O texto normativo define crit\u00e9rios de uso, fixa taxas, atribui responsabilidades ao permission\u00e1rio e assegura a preserva\u00e7\u00e3o do patrim\u00f4nio p\u00fablico.\r\nCompete a esta Comiss\u00e3o verificar a conformidade da proposta quanto aos aspectos financeiros e or\u00e7ament\u00e1rios, especialmente no que tange \u00e0 cobran\u00e7a de taxas pela utiliza\u00e7\u00e3o do espa\u00e7o e \u00e0 sua eventual isen\u00e7\u00e3o.\r\n\r\nII \u2013 AN\u00c1LISE FINANCEIRA E OR\u00c7AMENT\u00c1RIA\r\n\r\nO Projeto prev\u00ea a cobran\u00e7a de valores fixados em Unidades Fiscais do Munic\u00edpio (UFM), o que garante corre\u00e7\u00e3o monet\u00e1ria e seguran\u00e7a jur\u00eddica na arrecada\u00e7\u00e3o. A previs\u00e3o de dispensa da cobran\u00e7a, mediante justificativa de interesse p\u00fablico relevante, respeita o princ\u00edpio da razoabilidade e da discricionariedade administrativa.\r\nN\u00e3o h\u00e1 cria\u00e7\u00e3o de despesa p\u00fablica direta nem ren\u00fancia de receita sem contrapartida legal ou previs\u00e3o or\u00e7ament\u00e1ria, respeitando-se, portanto, as disposi\u00e7\u00f5es da Lei de Responsabilidade Fiscal (Lei Complementar n\u00ba 101/2000) e da legisla\u00e7\u00e3o municipal vigente.\r\n\r\nIII \u2013 CONCLUS\u00c3O\r\nPor se tratar de medida compat\u00edvel com o planejamento or\u00e7ament\u00e1rio municipal, que prev\u00ea a arrecada\u00e7\u00e3o de taxas com crit\u00e9rios objetivos e sem preju\u00edzo \u00e0 gest\u00e3o fiscal, esta Comiss\u00e3o de Finan\u00e7as e Or\u00e7amento opina favoravelmente \u00e0 aprova\u00e7\u00e3o do Projeto de Lei n\u00ba 086/2025.\r\n\r\nSala das Sess\u00f5es, 30 de junho de 2025.\r\n\r\n\r\nMICHELI ALVES DE LIMA\r\nPresidente\r\n\r\nCLAUDIO ALAIN GUTERRES DO CARMO\r\nRelator\r\n\r\nELIZ MARIA GRADASCHI SCALON\r\nSecret\u00e1ria","observacao":"","resultado":"","texto_original":"http://sapl.santoantoniodosudoeste.pr.leg.br/media/sapl/public/materialegislativa/2025/1653/parecer_da_comissao_de_financas_e_orlamento_ao_pl_86.docx","data_ultima_atualizacao":"2025-06-30T09:57:52.878070-03:00","ip":"45.187.139.17","ultima_edicao":"2025-06-30T09:41:33.840184-03:00","tipo":14,"regime_tramitacao":2,"tipo_origem_externa":null,"local_origem_externa":null,"user":19,"anexadas":[],"autores":[22]}