{"id":1548,"__str__":"Parecer da Comiss\u00e3o de Justi\u00e7a e Reda\u00e7\u00e3o n\u00ba 71 de 2025","link_detail_backend":"/materia/1548","metadata":{},"numero":71,"ano":2025,"numero_protocolo":null,"data_apresentacao":"2025-05-16","tipo_apresentacao":"E","data_publicacao":null,"numero_origem_externa":"","ano_origem_externa":null,"data_origem_externa":null,"apelido":"","dias_prazo":null,"data_fim_prazo":null,"em_tramitacao":true,"polemica":false,"objeto":"","complementar":false,"ementa":"Parecer da Comiss\u00e3o de Justi\u00e7a e Reda\u00e7\u00e3o ao PLE n.\u00ba 62/2025 - Autoriza a concess\u00e3o de direito real de uso de um galp\u00e3o pr\u00e9-moldado de propriedade do Munic\u00edpio \u00e0 empresa ANGONESI T\u00caXTIL LTDA, e d\u00e1 outras provid\u00eancias.","indexacao":"COMISS\u00c3O DE JUSTI\u00c7A E REDA\u00c7\u00c3O\r\n\r\nPARECER N\u00ba 71/2025\r\n\r\nProjeto de Lei n\u00ba 62/2025\r\n\r\nEMENTA\r\nAutoriza o Executivo Municipal a proceder \u00e0 Concess\u00e3o de Direito Real de Uso de um galp\u00e3o pr\u00e9-moldado \u00e0 empresa ANGONESI T\u00caXTIL LTDA, e d\u00e1 outras provid\u00eancias.\r\n\r\nRELAT\u00d3RIO\r\nO Projeto de Lei n\u00ba 62/2025, de iniciativa do Poder Executivo, tem como objetivo autorizar a concess\u00e3o de direito real de uso de um galp\u00e3o pr\u00e9-moldado de propriedade do Munic\u00edpio \u00e0 empresa ANGONESI T\u00caXTIL LTDA.\r\nA mat\u00e9ria foi encaminhada a esta Comiss\u00e3o para an\u00e1lise dos aspectos legais, constitucionais e regimentais, conforme estabelece o Regimento Interno da C\u00e2mara Municipal.\r\n\r\nM\u00c9RITO\r\nA proposta apresenta regularidade formal, estando redigida de maneira clara, objetiva e em conformidade com os princ\u00edpios constitucionais e legais que regem a concess\u00e3o de bens p\u00fablicos. A autoriza\u00e7\u00e3o legislativa para a concess\u00e3o de uso est\u00e1 em conson\u00e2ncia com os artigos pertinentes da Lei Org\u00e2nica Municipal.\r\nA finalidade do projeto \u2014 fomentar o desenvolvimento econ\u00f4mico local e a gera\u00e7\u00e3o de empregos \u2014 refor\u00e7a o interesse p\u00fablico, justificando a concess\u00e3o mediante contrapartidas sociais e econ\u00f4micas.\r\nAl\u00e9m disso, o projeto observa os requisitos legais que envolvem a cess\u00e3o de bem p\u00fablico mediante direito real de uso, respeitando os princ\u00edpios da legalidade, finalidade e moralidade administrativa.\r\n\r\nCONCLUS\u00c3O\r\nDiante do exposto, esta Comiss\u00e3o de Justi\u00e7a e Reda\u00e7\u00e3o opina pela legalidade, constitucionalidade e regular tramita\u00e7\u00e3o do Projeto de Lei n\u00ba 62/2025, podendo ser apreciado pelas demais comiss\u00f5es permanentes e, posteriormente, pelo Plen\u00e1rio.\r\nSala das Comiss\u00f5es, 16 de maio de 2025.\r\n\r\nCl\u00e1udio Alain Guerres do Carmo \u2013 Presidente\r\n\r\n\r\nClairton Cauduro \u2013 Relator\r\n\r\n\r\nMicheli Alves de Lima \u2013 Secret\u00e1ria","observacao":"","resultado":"","texto_original":"http://sapl.santoantoniodosudoeste.pr.leg.br/media/sapl/public/materialegislativa/2025/1548/parecer_da_comissao_de_justica_e_redacao_ao_pl_71.2025.docx","data_ultima_atualizacao":"2025-06-02T14:09:58.257343-03:00","ip":"45.187.139.17","ultima_edicao":"2025-05-20T11:17:50.406281-03:00","tipo":8,"regime_tramitacao":1,"tipo_origem_externa":null,"local_origem_externa":null,"user":2,"anexadas":[],"autores":[13]}