{"id":1455,"__str__":"Indica\u00e7\u00e3o n\u00ba 56 de 2025","link_detail_backend":"/materia/1455","metadata":{},"numero":56,"ano":2025,"numero_protocolo":29,"data_apresentacao":"2025-04-11","tipo_apresentacao":"E","data_publicacao":null,"numero_origem_externa":"","ano_origem_externa":null,"data_origem_externa":null,"apelido":"","dias_prazo":null,"data_fim_prazo":null,"em_tramitacao":true,"polemica":false,"objeto":"","complementar":false,"ementa":"Reitera indica\u00e7\u00e3o n.\u00ba 30/3024, para que a Administra\u00e7\u00e3o P\u00fablica Municipal, atrav\u00e9s da sua Secretaria da Agricultura, adquira botij\u00f5es de nitrog\u00eanio para armazenamento e conserva\u00e7\u00e3o de s\u00eamens bovinos, para serem realocados em pontos log\u00edsticos estrat\u00e9gicos no interior do Munic\u00edpio.","indexacao":"INDICA\u00c7\u00c3O N\u00ba 56/2025 \r\nProponente: Cl\u00e1udio Alain Guterres do Carmo \r\n\r\n\r\nReitera indica\u00e7\u00e3o n.\u00ba 30/3024, para que a Administra\u00e7\u00e3o P\u00fablica Municipal, atrav\u00e9s da sua Secretaria da Agricultura, adquira botij\u00f5es de nitrog\u00eanio para armazenamento e conserva\u00e7\u00e3o de s\u00eamens bovinos, para serem realocados em pontos log\u00edsticos estrat\u00e9gicos no interior do Munic\u00edpio. \r\n\r\nVereador Cl\u00e1udio Alain Guterres do Carmo, no uso de suas atribui\u00e7\u00f5es regimentais, reitera indica\u00e7\u00e3o n.\u00ba 30/3024, para que a Administra\u00e7\u00e3o P\u00fablica Municipal, atrav\u00e9s da sua Secretaria da Agricultura, adquira botij\u00f5es de nitrog\u00eanio para armazenamento e conserva\u00e7\u00e3o de s\u00eamens bovinos, para serem realocados em pontos log\u00edsticos estrat\u00e9gicos no interior do Munic\u00edpio, com intuito de favorecer a log\u00edstica, tanto de distribui\u00e7\u00e3o de s\u00eamen bovino leiteiro, quanto para a insemina\u00e7\u00e3o do gado leiteiro, dos produtores que participam do programa de desenvolvimento da bacia leiteira em nosso Adorado Rinc\u00e3o.\r\nCom essa indica\u00e7\u00e3o os botij\u00f5es adquiridos poderiam ser realocados atrav\u00e9s de uma cess\u00e3o de uso e da qualifica\u00e7\u00e3o t\u00e9cnica de uma pessoa que ficaria respons\u00e1vel pela insemina\u00e7\u00e3o animal, nos finais de semana e feriados, para que ficassem mais pr\u00f3ximos das propriedades rurais. \r\nD\u00e1-se, a t\u00edtulo exemplificativo, os seguintes pontos log\u00edsticos estrat\u00e9gicos: \r\n1 botij\u00e3o para o Distrito do KM 10.\r\n1 botij\u00e3o para o Distrito do Marcian\u00f3polis.\r\n1 botij\u00e3o para o Distrito do S\u00e3o Pedro Florido.\r\n1 botij\u00e3o para a Linha Boa Vista do Capanema.\r\n1 botij\u00e3o para a Linha Nova Riqueza.\r\nComo j\u00e1 mencionado acima, em cada um desses pontos log\u00edsticos de distribui\u00e7\u00e3o de s\u00eamen bovino leiteiro, poderia ser treinada uma pessoa que seria a respons\u00e1vel, tanto pela distribui\u00e7\u00e3o, quanto pela pr\u00f3pria insemina\u00e7\u00e3o animal, nos finais de semana e feriados.\r\nTal programa, como j\u00e1 explicado acima, seria para atender os produtores devidamente cadastrados na Secretaria Municipal da Agricultura, que participam do Programa da Bacia Leiteira.\r\nDessa forma, al\u00e9m de otimizar e agilizar a distribui\u00e7\u00e3o de s\u00eamens bovinos, estar-se-ia reduzindo os custos para os produtores, principais benefici\u00e1rios do programa.\r\nJustificativa: A presente indica\u00e7\u00e3o visa auxiliar no programa de distribui\u00e7\u00e3o de s\u00eamen e de insemina\u00e7\u00e3o aos produtores de leite do nosso Adorado Rinc\u00e3o.\r\n\r\nNestes Termos, pede deferimento. \r\nPlen\u00e1rio Laurindo Fl\u00e1vios Scopel, 11 de abril de 2025.  \r\n \r\n\r\n\r\n\r\nCl\u00e1udio Alain Guterres do Carmo.\r\nVereador - PSD\r\n \t             \r\n \r\n\r\n\r\n\r\nMAT\u00c9RIA LEGISLATIVA PROTOCOLIZADA PELO AUTOR VIA SAPL","observacao":"","resultado":"","texto_original":"http://sapl.santoantoniodosudoeste.pr.leg.br/media/sapl/public/materialegislativa/2025/1455/indicacao_no_56-2025_-_claudio_do_carmo.docx","data_ultima_atualizacao":"2025-09-18T08:20:18.594027-03:00","ip":"45.187.139.17","ultima_edicao":"2025-04-11T11:38:40.752233-03:00","tipo":3,"regime_tramitacao":1,"tipo_origem_externa":null,"local_origem_externa":null,"user":2,"anexadas":[],"autores":[6]}