{"id":1454,"__str__":"Indica\u00e7\u00e3o n\u00ba 55 de 2025","link_detail_backend":"/materia/1454","metadata":{},"numero":55,"ano":2025,"numero_protocolo":28,"data_apresentacao":"2025-04-11","tipo_apresentacao":"E","data_publicacao":null,"numero_origem_externa":"","ano_origem_externa":null,"data_origem_externa":null,"apelido":"","dias_prazo":null,"data_fim_prazo":null,"em_tramitacao":true,"polemica":false,"objeto":"","complementar":false,"ementa":"Reitera as indica\u00e7\u00f5es 49/2022, 57/2023 e 70/2024, para que a Administra\u00e7\u00e3o P\u00fablica Municipal proceda a concess\u00e3o de uso do \u201cquiosque do lago\u201d em favor da comercializa\u00e7\u00e3o de lanches, bebidas e cong\u00eaneres.","indexacao":"INDICA\u00c7\u00c3O N\u00ba 55/2025 \r\nProponente: Cl\u00e1udio Alain Guterres do Carmo \r\n\r\n\r\nReitera as indica\u00e7\u00f5es 49/2022, 57/2023 e 70/2024, para que a Administra\u00e7\u00e3o P\u00fablica Municipal proceda a concess\u00e3o de uso do \u201cquiosque do lago\u201d em favor da comercializa\u00e7\u00e3o de lanches, bebidas e cong\u00eaneres.\r\nVereador Cl\u00e1udio Alain Guterres do Carmo, no uso de suas atribui\u00e7\u00f5es regimentais, reitera as indica\u00e7\u00f5es reitera as indica\u00e7\u00f5es 49/2022, 57/2023 e 70/2024, para que a Administra\u00e7\u00e3o P\u00fablica Municipal proceda a concess\u00e3o de uso do \u201cquiosque do lago\u201d em favor da comercializa\u00e7\u00e3o de lanches, bebidas e cong\u00eaneres.\r\nJustificativa: O lago municipal, al\u00e9m de um cart\u00e3o postal em nosso Adorado Rinc\u00e3o, \u00e9 um local de lazer, de pr\u00e1ticas esportivas, de encontro e de confraterniza\u00e7\u00e3o. Com as obras de reforma, melhoria e amplia\u00e7\u00e3o, o lago passar\u00e1 receber um p\u00fablico cada vez maior de pessoas, o que exige um ponto de venda de lanches, bebidas e cong\u00eaneres, para melhor acolher o p\u00fablico de usu\u00e1rios daquele local.\r\n\r\nNestes Termos, pede deferimento. \r\nPlen\u00e1rio Laurindo Fl\u00e1vios Scopel, 11 de abril de 2025.  \r\n \r\n\r\n\r\nCl\u00e1udio Alain Guterres do Carmo\r\nVereador - PSD\r\n \t             \r\n\r\n\r\n\r\nMAT\u00c9RIA LEGISLATIVA PROTOCOLIZADA PELO AUTOR VIA SAPL","observacao":"","resultado":"","texto_original":"http://sapl.santoantoniodosudoeste.pr.leg.br/media/sapl/public/materialegislativa/2025/1454/indicacao_no_55-2025_-_claudio_do_carmo.docx","data_ultima_atualizacao":"2025-09-18T08:20:18.541869-03:00","ip":"45.187.139.17","ultima_edicao":"2025-04-11T13:55:43.993313-03:00","tipo":3,"regime_tramitacao":1,"tipo_origem_externa":null,"local_origem_externa":null,"user":2,"anexadas":[],"autores":[6]}