{"id":1444,"__str__":"Indica\u00e7\u00e3o n\u00ba 50 de 2025","link_detail_backend":"/materia/1444","metadata":{},"numero":50,"ano":2025,"numero_protocolo":27,"data_apresentacao":"2025-04-07","tipo_apresentacao":"E","data_publicacao":null,"numero_origem_externa":"","ano_origem_externa":null,"data_origem_externa":null,"apelido":"","dias_prazo":null,"data_fim_prazo":null,"em_tramitacao":true,"polemica":false,"objeto":"","complementar":false,"ementa":"Indicam a Cria\u00e7\u00e3o da Pol\u00edtica P\u00fablica de Auto Sustentabilidade da Coleta Seletiva do Lixo e Incentivo \u00e0 Comercializa\u00e7\u00e3o de Produtos Hortifrutigranjeiros no Munic\u00edpio de Santo Ant\u00f4nio do Sudoeste - PR","indexacao":"INDICA\u00c7\u00c3O N\u00ba 50/2025\r\nProponentes: Cla\u00fadio Alain Guterres do Carmo e Ana M\u00e1rcia Bandeira Machado/PSD\r\n\r\n\r\nIndicam a Cria\u00e7\u00e3o da Pol\u00edtica P\u00fablica de Auto Sustentabilidade da Coleta Seletiva do Lixo e Incentivo \u00e0 Comercializa\u00e7\u00e3o de Produtos Hortifrutigranjeiros no Munic\u00edpio de Santo Ant\u00f4nio do Sudoeste - PR\r\n\r\nOs vereadores Cl\u00e1udio Alain Guterres do Carmo e Ana M\u00e1rcia Bandeira, no exerc\u00edcio de suas atribui\u00e7\u00f5es regimentais e em conson\u00e2ncia com seus compromissos de promover o bem-estar da comunidade e o desenvolvimento sustent\u00e1vel, v\u00eam por meio desta indicar \u00e0 Administra\u00e7\u00e3o P\u00fablica Municipal a implementa\u00e7\u00e3o de uma pol\u00edtica p\u00fablica voltada \u00e0 autossustentabilidade da coleta seletiva de res\u00edduos, tanto org\u00e2nicos quanto recicl\u00e1veis. A proposta tem como objetivo incentivar a participa\u00e7\u00e3o ativa da popula\u00e7\u00e3o na correta separa\u00e7\u00e3o do lixo, ao mesmo tempo em que estimula a comercializa\u00e7\u00e3o de produtos hortifrutigranjeiros cultivados por nossos produtores locais, fortalecendo a economia do nosso querido Adorado Rinc\u00e3o.\r\nProposta Detalhada:\r\n1.\tCria\u00e7\u00e3o de um Sistema de Troca de Lixo Recicl\u00e1vel por Alimentos Hortifrutigranjeiros:\r\nO sistema consistiria em acumular pontos atrav\u00e9s da participa\u00e7\u00e3o ativa nos programas de coleta seletiva promovidos pelo Munic\u00edpio. Esses pontos poderiam ser convertidos em \u201cmoedas verdes\u201d, que seriam trocadas por produtos hortifrutigranjeiros, como frutas e verduras, de produtores residentes no munic\u00edpio. A troca seria realizada diretamente com os produtores que participam da feira local ou com ambulantes tamb\u00e9m residentes no munic\u00edpio.\r\nJustificativa:\r\nEsta proposta visa n\u00e3o apenas a promo\u00e7\u00e3o da sustentabilidade ambiental, mas tamb\u00e9m a melhoria da qualidade de vida da popula\u00e7\u00e3o. O sistema de troca de lixo recicl\u00e1vel por alimentos locais oferece m\u00faltiplos benef\u00edcios, como:\r\n\u2022\tFomento \u00e0 Coleta Seletiva e Reciclagem: Incentiva os cidad\u00e3os a participarem ativamente da separa\u00e7\u00e3o do lixo, promovendo a conscientiza\u00e7\u00e3o ambiental e o aumento da reciclagem, o que \u00e9 fundamental para a gest\u00e3o sustent\u00e1vel dos res\u00edduos.\r\n\u2022\tGera\u00e7\u00e3o de Renda para Produtores Locais: Ao possibilitar que os pontos acumulados sejam trocados por alimentos cultivados pelos nossos produtores locais, a medida contribui para a valoriza\u00e7\u00e3o da produ\u00e7\u00e3o agr\u00edcola e o fortalecimento da economia local.\r\n\u2022\tApoio \u00e0 Alimenta\u00e7\u00e3o Saud\u00e1vel: A troca por alimentos hortifrutigranjeiros proporciona \u00e0 popula\u00e7\u00e3o acesso facilitado a produtos frescos e saud\u00e1veis, promovendo uma alimenta\u00e7\u00e3o mais nutritiva e balanceada.\r\n\u2022\tFortalecimento da Comunidade: Esta pol\u00edtica p\u00fablica estabelece uma rela\u00e7\u00e3o de troca justa e colaborativa entre os cidad\u00e3os, a Administra\u00e7\u00e3o P\u00fablica e os produtores locais, criando um ciclo virtuoso de benef\u00edcios m\u00fatuos.\r\nEsta a\u00e7\u00e3o \u00e9 uma oportunidade de integrar pr\u00e1ticas ambientais sustent\u00e1veis com o desenvolvimento econ\u00f4mico local, promovendo a autossustentabilidade do munic\u00edpio e a melhoria da qualidade de vida para todos os seus habitantes.\r\n\r\nCl\u00e1udio Alain Guterres do Carmo\r\nVereador/PSD\r\n\r\n\r\nVereadora Ana M\u00e1rcia Bandeira\r\nVereadora/PSD","observacao":"","resultado":"","texto_original":"http://sapl.santoantoniodosudoeste.pr.leg.br/media/sapl/public/materialegislativa/2025/1444/indicacao_no_50-2025_-_claudio_e_ana_marcia.docx","data_ultima_atualizacao":"2025-04-08T09:17:42.787926-03:00","ip":"45.187.139.17","ultima_edicao":"2025-04-07T08:43:03.380603-03:00","tipo":3,"regime_tramitacao":2,"tipo_origem_externa":null,"local_origem_externa":null,"user":2,"anexadas":[],"autores":[56,6]}