{"id":1439,"__str__":"Indica\u00e7\u00e3o n\u00ba 52 de 2025","link_detail_backend":"/materia/1439","metadata":{},"numero":52,"ano":2025,"numero_protocolo":null,"data_apresentacao":"2025-04-04","tipo_apresentacao":"E","data_publicacao":null,"numero_origem_externa":"","ano_origem_externa":null,"data_origem_externa":null,"apelido":"","dias_prazo":null,"data_fim_prazo":null,"em_tramitacao":true,"polemica":false,"objeto":"","complementar":false,"ementa":"Indica ao Executivo Municipal, recapeamento asf\u00e1ltico das ruas que especifica no Bairro Entre Rios.","indexacao":"INDICA\u00c7\u00c3O N\u00ba 52/2025\r\n\r\nEmenta indica ao Executivo Municipal, recapeamento asf\u00e1ltico no Bairro Entre Rios, nos trechos citados.\r\n\r\nO Vereador Valdir Antonio Carvalho, no uso de suas atribui\u00e7\u00f5es legais, com fundamento no artigo 113 do Regimento Interno desta Casa de Leis, indica ao Excelent\u00edssimo Senhor Prefeito Municipal a necessidade de realiza\u00e7\u00e3o de recapeamento asf\u00e1ltico sobre cal\u00e7amento de pedras irregulares na Rua Orides Paran\u00e1 de Oliveira, no Bairro Entre Rios, no trecho compreendido entre a Rua Francisco Alves e a Rua Miguel Vilalba.\r\n\r\nJustificativa:\r\nO trecho citado encontra-se atualmente com pavimenta\u00e7\u00e3o em pedras irregulares (paralelep\u00edpedos), apresentando desgaste acentuado, desn\u00edveis e dificuldades de trafegabilidade, especialmente em dias de chuva. A aplica\u00e7\u00e3o de camada asf\u00e1ltica sobre esse tipo de cal\u00e7amento visa proporcionar maior seguran\u00e7a, conforto e fluidez no tr\u00e2nsito, beneficiando diretamente os moradores e demais usu\u00e1rios da via.\r\n\r\nSala das Sess\u00f5es, 04 de abril de 2025\r\n\r\nValdir Antonio Carvalho\r\nVereador","observacao":"","resultado":"","texto_original":"http://sapl.santoantoniodosudoeste.pr.leg.br/media/sapl/public/materialegislativa/2025/1439/indicacao_52.docx","data_ultima_atualizacao":"2025-04-08T09:17:43.107205-03:00","ip":"187.49.137.153","ultima_edicao":"2025-04-05T12:10:45.436232-03:00","tipo":3,"regime_tramitacao":1,"tipo_origem_externa":null,"local_origem_externa":null,"user":2,"anexadas":[],"autores":[55]}