{"id":1415,"__str__":"Indica\u00e7\u00e3o n\u00ba 40 de 2025","link_detail_backend":"/materia/1415","metadata":{},"numero":40,"ano":2025,"numero_protocolo":null,"data_apresentacao":"2025-03-26","tipo_apresentacao":"E","data_publicacao":null,"numero_origem_externa":"","ano_origem_externa":null,"data_origem_externa":null,"apelido":"","dias_prazo":null,"data_fim_prazo":null,"em_tramitacao":true,"polemica":false,"objeto":"","complementar":false,"ementa":"Indica a pavimenta\u00e7\u00e3o com pedras irregulares (cal\u00e7amento) em toda a extens\u00e3o da estrada que contorna a Linha S\u00e3o Domingos, interligando ao Parque Industrial.","indexacao":"INDICA\u00c7\u00c3O N\u00ba 40/2025\r\nProponente: Claudecir Rocha Lopes/UN\r\n                         \r\n\r\nIndica a pavimenta\u00e7\u00e3o com pedras irregulares (cal\u00e7amento) em toda a extens\u00e3o da estrada que contorna a Linha S\u00e3o Domingos, interligando ao Parque Industrial.\r\n\t\r\n \tO Vereador infra-assinado, no uso de suas prerrogativas regimentais, vem, respeitosamente, indicar ao Senhor Prefeito, por meio do Departamento de Obras e Urbanismo, a pavimenta\u00e7\u00e3o com pedras irregulares (cal\u00e7amento) em toda a extens\u00e3o da estrada que contorna a Linha S\u00e3o Domingos, interligadas a BR 163 do Km 38 ao Km 38,5, bem como, interligando ao Parque Industrial.\r\n\r\nJUSTIFICATIVA:\r\n\r\n \tA pavimenta\u00e7\u00e3o com pedras irregulares (cal\u00e7amento) em toda a extens\u00e3o da estrada da Linha S\u00e3o Domingos, interligando ao Parque Industrial, \u00e9 de suma import\u00e2ncia para a melhoria da infraestrutura local. Esta obra proporcionar\u00e1 um aumento significativo na qualidade da trafegabilidade, beneficiando diretamente os moradores da regi\u00e3o e os usu\u00e1rios que transitam diariamente pela via, bem como, facilitar\u00e1 o escoamento da produ\u00e7\u00e3o local, oferecendo mais conforto e efici\u00eancia para os empres\u00e1rios e trabalhadores da \u00e1rea, como \u00e9 o caso da empresa Big Frios.\r\n\r\n \tNestes Termos, \r\n \tPede deferimento.\r\n \tPlen\u00e1rio Laurindo Fl\u00e1vio Scopel, 21 de mar\u00e7o de 2025.\r\n\r\n\r\n\r\n\r\nClaudecir Rocha Lopes\r\nVereador \u2013 Uni\u00e3o Brasil","observacao":"","resultado":"","texto_original":"http://sapl.santoantoniodosudoeste.pr.leg.br/media/sapl/public/materialegislativa/2025/1415/indicacao_no_40-2025_-__claudecir_lopes.docx","data_ultima_atualizacao":"2025-09-18T08:20:17.477728-03:00","ip":"45.187.139.17","ultima_edicao":"2025-03-26T16:22:36.818131-03:00","tipo":3,"regime_tramitacao":1,"tipo_origem_externa":null,"local_origem_externa":null,"user":2,"anexadas":[],"autores":[5]}