{"id":1414,"__str__":"Indica\u00e7\u00e3o n\u00ba 39 de 2025","link_detail_backend":"/materia/1414","metadata":{},"numero":39,"ano":2025,"numero_protocolo":null,"data_apresentacao":"2025-03-26","tipo_apresentacao":"E","data_publicacao":null,"numero_origem_externa":"","ano_origem_externa":null,"data_origem_externa":null,"apelido":"","dias_prazo":null,"data_fim_prazo":null,"em_tramitacao":true,"polemica":false,"objeto":"","complementar":false,"ementa":"Indica de recapeamento asf\u00e1ltico sobre pedras irregulares nas ruas Minas Gerais e Thomas Rech no Parque das Emba\u00favas.","indexacao":"INDICA\u00c7\u00c3O N\u00ba 39/2025\r\nProponente: Claudecir Rocha Lopes/UN\r\n                         \r\n\r\nIndica de recapeamento asf\u00e1ltico sobre pedras irregulares nas ruas Minas Gerais e Thomas Rech no Parque das Emba\u00favas.\r\n\t\r\n \tO Vereador infra-assinado, no uso de suas prerrogativas regimentais, vem, respeitosamente, indicar ao Senhor Prefeito, por meio do Departamento de Obras e Urbanismo, seja realizado o recapeamento asf\u00e1ltico e melhorias nas obras de drenagem nas ruas Minas Gerais e Thomas Rech no Parque das Emba\u00favas, nesta cidade.\r\nJUSTIFICATIVA:\r\n\r\n \tA execu\u00e7\u00e3o das referidas obras \u00e9 de extrema import\u00e2ncia, pois proporcionar\u00e1 uma melhoria significativa na trafegabilidade dessas vias, garantindo maior seguran\u00e7a e comodidade aos munic\u00edpios que residem ou transitam nessas localidades.\t\r\n \tNestes Termos, \r\n \tPede deferimento.\r\n \tPlen\u00e1rio Laurindo Fl\u00e1vio Scopel, 26 de mar\u00e7o de 2025.\r\n\r\n\r\n\r\n\r\nClaudecir Rocha Lopes\r\nVereador \u2013 Uni\u00e3o Brasil","observacao":"","resultado":"","texto_original":"http://sapl.santoantoniodosudoeste.pr.leg.br/media/sapl/public/materialegislativa/2025/1414/indicacao_no_39-2025_-__claudecir_lopes.docx","data_ultima_atualizacao":"2025-09-18T08:20:16.322507-03:00","ip":"45.187.139.17","ultima_edicao":"2025-03-26T16:26:13.792071-03:00","tipo":3,"regime_tramitacao":1,"tipo_origem_externa":null,"local_origem_externa":null,"user":2,"anexadas":[],"autores":[5]}