{"id":1412,"__str__":"Indica\u00e7\u00e3o n\u00ba 37 de 2025","link_detail_backend":"/materia/1412","metadata":{},"numero":37,"ano":2025,"numero_protocolo":null,"data_apresentacao":"2025-03-26","tipo_apresentacao":"E","data_publicacao":null,"numero_origem_externa":"","ano_origem_externa":null,"data_origem_externa":null,"apelido":"","dias_prazo":null,"data_fim_prazo":null,"em_tramitacao":true,"polemica":false,"objeto":"","complementar":false,"ementa":"Indica a constru\u00e7\u00e3o de um ponto de \u00f4nibus em estrutura met\u00e1lica e acr\u00edlico, com bancos confort\u00e1veis, junto a Unidade B\u00e1sica de Sa\u00fade Ludovico Peron.","indexacao":"INDICA\u00c7\u00c3O N\u00ba 37/2025\r\nProponente: Ana M\u00e1rcia Bandeira Machado/PSD\r\n\r\nIndica a constru\u00e7\u00e3o de um ponto de \u00f4nibus em estrutura met\u00e1lica e acr\u00edlico, com bancos confort\u00e1veis, junto a Unidade B\u00e1sica de Sa\u00fade Ludovico Peron. \r\n\r\n \tA vereadora infra-assinado, no uso de suas atribui\u00e7\u00f5es legais e regimentais, nos termos do art. 113 do Regimento Interno, INDICA ao Excelent\u00edssimo Senhor Prefeito, para que realize estudos t\u00e9cnicos com objetivo de construir de um ponto de \u00f4nibus em estrutura met\u00e1lica e acr\u00edlica, com bancos confort\u00e1veis, ao lado da Unidade B\u00e1sica de Sa\u00fade Ludovico Peron (Posto de Sa\u00fade Central), visando proporcionar maior conforto e seguran\u00e7a para o embarque e desembarque de pacientes, principalmente nos dias de chuva e frio. \r\n\r\nJUSTIFICATIVA:\r\n\r\n \tTal medida visa proporcionar prote\u00e7\u00e3o e maior conforto aos pacientes, muitos dos quais se encontram em situa\u00e7\u00e3o de vulnerabilidade e frequentemente expostos \u00e0s intemp\u00e9ries, como chuva e frio, enquanto aguardam o transporte para os centros de sa\u00fade em cidades vizinhas, como Francisco Beltr\u00e3o, Cascavel, Pato Branco, entre outras. A constru\u00e7\u00e3o desse ponto de \u00f4nibus oferece uma solu\u00e7\u00e3o para minimizar os impactos dessas condi\u00e7\u00f5es adversas, garantindo um atendimento mais digno e seguro para a popula\u00e7\u00e3o.\r\n\r\n \tNestes Termos, \r\n \tPede deferimento.\r\n \tPlen\u00e1rio Laurindo Fl\u00e1vio Scopel, 26 de mar\u00e7o de 2025.\r\n\r\n\r\n\r\nAna M\u00e1rcia Bandeira Machado\r\nVereadora \u2013 PSD","observacao":"","resultado":"","texto_original":"http://sapl.santoantoniodosudoeste.pr.leg.br/media/sapl/public/materialegislativa/2025/1412/indicacao_no_37-2025_-_ana_marcia.docx","data_ultima_atualizacao":"2025-09-18T08:20:15.865900-03:00","ip":"45.187.139.17","ultima_edicao":"2025-03-28T10:29:24.383650-03:00","tipo":3,"regime_tramitacao":1,"tipo_origem_externa":null,"local_origem_externa":null,"user":2,"anexadas":[],"autores":[56]}