{"id":1378,"__str__":"Indica\u00e7\u00e3o n\u00ba 32 de 2025","link_detail_backend":"/materia/1378","metadata":{},"numero":32,"ano":2025,"numero_protocolo":null,"data_apresentacao":"2025-03-14","tipo_apresentacao":"E","data_publicacao":null,"numero_origem_externa":"","ano_origem_externa":null,"data_origem_externa":null,"apelido":"","dias_prazo":null,"data_fim_prazo":null,"em_tramitacao":true,"polemica":false,"objeto":"","complementar":false,"ementa":"Indica Melhorias de Infraestrutura no Cemit\u00e9rio P\u00fablico Municipal.","indexacao":"INDICA\u00c7\u00c3O N\u00ba 32/2025\r\nProponente: Ana M\u00e1rcia Bandeira Machado/PSD\r\n\r\n\r\nIndica Melhorias de Infraestrutura no Cemit\u00e9rio P\u00fablico Municipal.\r\n\r\n\t\r\nConsiderando a crescente demanda e a necessidade de proporcionar maior dignidade e conforto para os cidad\u00e3os que visitam o Cemit\u00e9rio Municipal, bem como garantir melhores condi\u00e7\u00f5es de acessibilidade e infraestrutura para todos, venho, por meio desta, na forma regimental, respeitosamente, indicar ao Excelent\u00edssimo Senhor Prefeito, para que, atrav\u00e9s do setor competente, proceda com as seguintes melhorias essenciais no local: \r\n\r\n1. Melhorias nos banheiros; \r\n2. Pavimenta\u00e7\u00e3o nos acessos de entradas ao cemit\u00e9rio; \r\n3. Pavimenta\u00e7\u00e3o nas ruas internas do cemit\u00e9rio e nas \u00e1reas de circula\u00e7\u00e3o, onde   est\u00e3o localizados os t\u00famulos.\r\n\r\n\r\nJUSTIFICATIVA:\r\n\r\nEssas melhorias s\u00e3o fundamentais para garantir que o Cemit\u00e9rio Municipal seja um ambiente mais acess\u00edvel, seguro e respeitoso para todos os cidad\u00e3os, especialmente aqueles que visitam o local para prestar homenagens aos seus entes queridos, proporcionando um local mais digno e acess\u00edvel para a popula\u00e7\u00e3o. A constru\u00e7\u00e3o de cal\u00e7adas de paver ao longo da rua de acesso ao cemit\u00e9rio at\u00e9 sua entrada visa facilitar o tr\u00e1fego de pedestres, especialmente para aqueles que n\u00e3o utilizam ve\u00edculos, oferecendo maior seguran\u00e7a e comodidade durante a visita ao local.\r\n\r\n \tNestes Termos, \r\n \tPede deferimento.\r\n \tPlen\u00e1rio Laurindo Fl\u00e1vio Scopel, 14 de mar\u00e7o de 2025.\r\n\r\n\r\n\r\nAna M\u00e1rcia Bandeira Machado\r\nVereadora \u2013 PSD","observacao":"","resultado":"","texto_original":"http://sapl.santoantoniodosudoeste.pr.leg.br/media/sapl/public/materialegislativa/2025/1378/indicacao_no_32-2025_-_ana_marcia.docx","data_ultima_atualizacao":"2025-03-25T14:22:05.766161-03:00","ip":"187.49.140.154","ultima_edicao":"2025-03-14T17:13:10.157391-03:00","tipo":3,"regime_tramitacao":1,"tipo_origem_externa":null,"local_origem_externa":null,"user":2,"anexadas":[],"autores":[56]}