{"id":1368,"__str__":"Indica\u00e7\u00e3o n\u00ba 28 de 2025","link_detail_backend":"/materia/1368","metadata":{},"numero":28,"ano":2025,"numero_protocolo":20,"data_apresentacao":"2025-03-13","tipo_apresentacao":"E","data_publicacao":null,"numero_origem_externa":"","ano_origem_externa":null,"data_origem_externa":null,"apelido":"","dias_prazo":null,"data_fim_prazo":null,"em_tramitacao":true,"polemica":false,"objeto":"","complementar":false,"ementa":"Reitera indica\u00e7\u00e3o 29/2024, para que a Administra\u00e7\u00e3o P\u00fablica Municipal realize uma obra de remodela\u00e7\u00e3o, revitaliza\u00e7\u00e3o e paisagismo da Avenida Brasil.","indexacao":"INDICA\u00c7\u00c3O N\u00ba 28/2024 \r\nProponente: Cl\u00e1udio Alain Guterres do Carmo \u2013 PSD \r\nReitera indica\u00e7\u00e3o 29/2024, para que a Administra\u00e7\u00e3o P\u00fablica Municipal realize uma obra de remodela\u00e7\u00e3o, revitaliza\u00e7\u00e3o e paisagismo da Avenida Brasil.\r\n \r\n  \tO Vereador Cl\u00e1udio Alain Guterres do Carmo, no uso de suas atribui\u00e7\u00f5es regimentais, reitera a indica\u00e7\u00e3o 29/2024, para que o Poder Executivo Municipal, para que realize uma obra de remodela\u00e7\u00e3o, revitaliza\u00e7\u00e3o e paisagismo na nossa Avenida Brasil, com seguintes objetivos: \r\n \r\n1.\tAmpliar o espa\u00e7o das pistas de rodagem; \r\n2.\tConstruir recuos de estacionamento intercalados nas duas margens, interna e externa, de ambas as pistas de rodagem, ascendente e descendente; e \r\n3.\tCriar espa\u00e7os com bancos, \u00e1rvores ornamentais e cal\u00e7adas entremeio as pistas de rodagem. \r\nJUSTIFICATIVA: \r\n \r\nA presente indica\u00e7\u00e3o visa dar mais funcionalidade e beleza \u00e0 Avenida Brasil, principal via urbana do nosso Munic\u00edpio. Nossa Avenida j\u00e1 teve maior funcionalidade e espa\u00e7o, tanto para estacionamento, quanto para trafegabilidade de ve\u00edculos e pessoas. Por isto, se pode afirmar, que o atendimento da presente indica\u00e7\u00e3o \u00e9 de utilidade e de interesse p\u00fablico. \r\n\r\nDessa forma, a principal via urbana do nosso Adorado Rinc\u00e3o se tornar\u00e1 mais funcional, al\u00e9m de mais bela. \r\n Nestes Termos, \r\n\r\n \tPede deferimento.\r\n\r\n \tPlen\u00e1rio Laurindo Fl\u00e1vio Scopel, 13 de mar\u00e7o de 2025.\r\n\r\n\r\n\r\n\r\n\r\nCl\u00e1udio Alain Guterres do Carmo\r\nVereador \u2013 PSD\r\n\r\n\r\nMAT\u00c9RIA LEGISLATIVA PROTOCOLIZADA PELO AUTOR VIA SAPL","observacao":"","resultado":"","texto_original":"http://sapl.santoantoniodosudoeste.pr.leg.br/media/sapl/public/materialegislativa/2025/1368/indicacao_28-2025_-_claudio_gutierres_do_carmo.docx","data_ultima_atualizacao":"2025-03-25T14:22:05.456308-03:00","ip":"45.187.139.17","ultima_edicao":"2025-03-13T10:07:15.020434-03:00","tipo":3,"regime_tramitacao":1,"tipo_origem_externa":null,"local_origem_externa":null,"user":2,"anexadas":[],"autores":[6]}