{"id":1366,"__str__":"Indica\u00e7\u00e3o n\u00ba 26 de 2025","link_detail_backend":"/materia/1366","metadata":{},"numero":26,"ano":2025,"numero_protocolo":18,"data_apresentacao":"2025-03-13","tipo_apresentacao":"E","data_publicacao":null,"numero_origem_externa":"","ano_origem_externa":null,"data_origem_externa":null,"apelido":"","dias_prazo":null,"data_fim_prazo":null,"em_tramitacao":true,"polemica":false,"objeto":"","complementar":false,"ementa":"Reitera a indica\u00e7\u00e3o 18/2024, para que a Administra\u00e7\u00e3o P\u00fablica Municipal tome as devidas provid\u00eancias relacionadas as c\u00e2meras de monitoramento.","indexacao":"INDICA\u00c7\u00c3O 26/2025\r\nProponente: Cl\u00e1udio Alain Guterres do Carmo/PSD\r\n                    \r\n\r\nReitera a indica\u00e7\u00e3o 18/2024, para que a Administra\u00e7\u00e3o P\u00fablica Municipal tome as devidas provid\u00eancias relacionadas as c\u00e2meras de monitoramento.\r\n\r\nVereador Cl\u00e1udio Alain Guterres do Carmo, no uso de suas atribui\u00e7\u00f5es regimentais, reitera indica\u00e7\u00e3o 18/2024, para que a Administra\u00e7\u00e3o P\u00fablica Municipal tome as devidas provid\u00eancias a seguir relacionadas:\r\na)\tSejam realizados os reparos ou a substitui\u00e7\u00e3o das C\u00e2meras de Monitoramento que n\u00e3o est\u00e3o funcionando, conforme relat\u00f3rio em anexo, emitido pela Pol\u00edcia Civil desta circunscri\u00e7\u00e3o judici\u00e1ria.\r\nb)\tSejam instaladas C\u00e2meras de Monitoramento, em novos Pontos de Monitoramento, quais sejam: \r\n1.\tAvenida Internacional por toda a sua extens\u00e3o;\r\n2.\tAvenida Brasil por toda a sua extens\u00e3o, onde ainda hoje n\u00e3o \u00e9 monitorado;\r\n3.\tParque das Emba\u00favas, especialmente na parte dos \u201cfundos\u201d e entradas do bairro;\r\n4.\tVila Aurora, especialmente na parte dos \u201cfundos\u201d e entradas do bairro;\r\n5.\tNovo Horizonte, especialmente na parte dos \u201cfundos\u201d e entradas do bairro;\r\n6.\tC\u00e2meras \u201cLPR\u201d (leitoras de placas de ve\u00edculos) nos tr\u00eas trevos da cidade;\r\n7.\tVila Nova, nas partes lim\u00edtrofes com a Argentina;\r\n8.\tPrincesa Isabel, nas partes lim\u00edtrofes com a Argentina.\r\n\r\nJUSTIFICATIVA:\r\nA presente indica\u00e7\u00e3o, que reitera a indica\u00e7\u00e3o 18/2024, est\u00e1 baseada no documento de verifica\u00e7\u00e3o do sistema de monitoramento do Munic\u00edpio de Santo Ant\u00f4nio do Sudoeste, elaborado pela Pol\u00edcia Civil desta circunscri\u00e7\u00e3o judici\u00e1ria, no dia 23/12/2023, o qual passar\u00e1 fazer parte integrante desta indica\u00e7\u00e3o.\r\nA instala\u00e7\u00e3o das C\u00e2meras de Monitoramento foi um grande passo dado em prol da seguran\u00e7a p\u00fablica e do bem comum. Mas, \u00e9 de fundamental import\u00e2ncia que todas as C\u00e2meras estejam em pleno funcionamento, pois elas j\u00e1 provaram o qu\u00e3o eficiente se torna o trabalho investigativo \u00e0 resolu\u00e7\u00e3o dos crimes e, principalmente, \u00e0 puni\u00e7\u00e3o dos criminosos. \r\nInfelizmente, por estarem expostas \u00e0s intemp\u00e9ries do tempo e, tamb\u00e9m, n\u00e3o bastasse isto, por serem muitas vezes alvo de depreda\u00e7\u00e3o, algumas C\u00e2meras acabam ficando inutiliz\u00e1veis, necessitando de reparos ou, at\u00e9 mesmo, serem substitu\u00eddas.\r\nAdemais, al\u00e9m da devida manuten\u00e7\u00e3o proposta pela presente indica\u00e7\u00e3o, se faz necess\u00e1rio a instala\u00e7\u00e3o de mais C\u00e2meras, em novos Pontos Estrat\u00e9gicos de Monitoramento, para tornar ainda mais eficiente o desvendamento de crimes praticados contra a sociedade santo-antoniense e, principalmente, para puni\u00e7\u00e3o dos criminosos. \r\nDestarte, o atendimento da presente indica\u00e7\u00e3o, mais que necess\u00e1ria, \u00e9 vital para o bom andamento da seguran\u00e7a p\u00fablica municipal, para a manuten\u00e7\u00e3o da ordem p\u00fablica e do bem estar social.\r\n\r\n \tNestes Termos, \r\n\r\n \tPede deferimento.\r\n\r\n \tPlen\u00e1rio Laurindo Fl\u00e1vio Scopel, 13 de mar\u00e7o de 2025.\r\n\r\n\r\n\r\nCl\u00e1udio Alain Guterres do Carmo\r\nVereador \u2013 PSD\r\n\r\n\r\n \r\n\r\nMAT\u00c9RIA PROTOCOLIZADA PELO AUTOR VIA SAPL","observacao":"ANEXO INFORMA\u00c7\u00c3O DA POL\u00cdCIA C\u00cdVIL","resultado":"","texto_original":"http://sapl.santoantoniodosudoeste.pr.leg.br/media/sapl/public/materialegislativa/2025/1366/indicacao_26-2025_-_claudio_gutierres_do_carmo.docx","data_ultima_atualizacao":"2025-03-25T14:22:05.008934-03:00","ip":"187.49.140.154","ultima_edicao":"2025-03-13T18:02:26.354404-03:00","tipo":3,"regime_tramitacao":1,"tipo_origem_externa":null,"local_origem_externa":null,"user":2,"anexadas":[],"autores":[6]}