{"id":1258,"__str__":"Indica\u00e7\u00e3o n\u00ba 12 de 2025","link_detail_backend":"/materia/1258","metadata":{},"numero":12,"ano":2025,"numero_protocolo":7,"data_apresentacao":"2025-02-19","tipo_apresentacao":"E","data_publicacao":null,"numero_origem_externa":"","ano_origem_externa":null,"data_origem_externa":null,"apelido":"","dias_prazo":null,"data_fim_prazo":null,"em_tramitacao":true,"polemica":false,"objeto":"","complementar":false,"ementa":"Indica a constru\u00e7\u00e3o de um redutor de velocidade (Quebra Molas/Faixa de Eleva\u00e7\u00e3o), na comunidade da Linha Dutra","indexacao":"INDICA\u00c7\u00c3O N\u00ba 12/2025\r\nProponente: Jorge Pereira da Silva/PSDB\r\n\r\n\r\nIndica a constru\u00e7\u00e3o de um redutor de velocidade (Quebra Molas/Faixa de Eleva\u00e7\u00e3o), na comunidade da Linha Dutra.\r\n\r\n\r\n\tO Vereador que abaixo subscreve, no uso de suas atribui\u00e7\u00f5es legais e regimentais, indica o envio de expediente ao Chefe do Poder Executivo Municipal, para que estude a possibilidade de realizar a constru\u00e7\u00e3o de um redutor de velocidade (Quebra Molas/Faixa de Eleva\u00e7\u00e3o), na comunidade da Linha Dutra.\r\n\r\nJUSTIFICATIVA:\r\n\r\n \tTrata-se de reivindica\u00e7\u00e3o de v\u00e1rios mun\u00edcipes, uma vez que a mencionada via (entre as Comunidades do Km 5 e Km 13) necessita de maiores medidas preventivas, a fim de reduzir a velocidade dos ve\u00edculos, bem como aumentar a seguran\u00e7a aos pedestres.\r\n\r\n \tNestes Termos, \r\n \tPede deferimento.\r\n \tPlen\u00e1rio Laurindo Fl\u00e1vio Scopel, 19 de fevereiro de 2025.\r\n\r\n\r\n\r\n\r\nJorge Pereira da Silva\r\n Vereador \u2013 PSDB","observacao":"","resultado":"","texto_original":null,"data_ultima_atualizacao":"2025-02-25T15:04:00.520949-03:00","ip":"45.187.139.17","ultima_edicao":"2025-02-20T15:02:48.222701-03:00","tipo":3,"regime_tramitacao":1,"tipo_origem_externa":null,"local_origem_externa":null,"user":2,"anexadas":[],"autores":[40]}