{"id":122,"__str__":"RELAT\u00d3RIO - BIOGRAFIA DR RAFAEL de 11/04/2025 por SERGIO ANTONIO DE MATTOS","link_detail_backend":"/materia/documentoacessorio/122","metadata":{},"nome":"BIOGRAFIA DR RAFAEL","data":"2025-04-11","autor":"SERGIO ANTONIO DE MATTOS","ementa":"Rafael Nunes Mota. Nascido em 15/06/1995. Exerceu a advocacia entre 2017 e 2022. Ingressou na Pol\u00edcia Civil do Paran\u00e1 em 27/07/2022, no cargo de Delegado de Pol\u00edcia, assumindo a chefia da Delegacia Regional de Pol\u00edcia de Santo Ant\u00f4nio do Sudoeste em 27/01/2023, fun\u00e7\u00e3o que exerce at\u00e9 o dia de hoje.","indexacao":"Biografia \u2013 Rafael Nunes Mota\r\n\r\n\r\n\r\nRafael Nunes Mota, nascido em 15 de junho de 1995, \u00e9 natural do Estado da Bahia. Graduado em Direito, exerceu a advocacia entre os anos de 2017 e 2022, per\u00edodo em que atuou com dedica\u00e7\u00e3o e responsabilidade na defesa dos interesses jur\u00eddicos de seus clientes.\r\nEm 27 de julho de 2022, ingressou na Pol\u00edcia Civil do Estado do Paran\u00e1, sendo nomeado no cargo de Delegado de Pol\u00edcia. Demonstrando compet\u00eancia e comprometimento com a seguran\u00e7a p\u00fablica, foi designado em 27 de janeiro de 2023 para assumir a chefia da Delegacia Regional de Pol\u00edcia de Santo Ant\u00f4nio do Sudoeste, fun\u00e7\u00e3o que exerce at\u00e9 os dias atuais, conduzindo investiga\u00e7\u00f5es e a\u00e7\u00f5es estrat\u00e9gicas no combate \u00e0 criminalidade na regi\u00e3o.\r\nAproximadamente 800 inqu\u00e9ritos instaurados. Aproximadamente 1000 conclu\u00eddos. Mais de 140 pris\u00f5es efetuadas com a equipes. Mais de 200 medidas cautelares solicitas. Mais de 300 medidas protetivas solicitadas.\r\nPelo seu destacado desempenho profissional, esp\u00edrito p\u00fablico e relevante contribui\u00e7\u00e3o \u00e0 ordem e \u00e0 justi\u00e7a, Rafael Nunes Mota se tornou merecedor do T\u00edtulo de Cidad\u00e3o Honor\u00e1rio de Santo Ant\u00f4nio do Sudoeste, como forma de reconhecimento e gratid\u00e3o da comunidade local aos servi\u00e7os prestados com excel\u00eancia e dedica\u00e7\u00e3o.","arquivo":"http://sapl.santoantoniodosudoeste.pr.leg.br/media/sapl/public/documentoacessorio/2025/122/briografia_dr_rafael.docx","data_ultima_atualizacao":"2025-04-11T10:40:41.887979-03:00","materia":1432,"tipo":2}