{"id":481,"__str__":"Autoria: Presidente da C\u00e2mara - Edital de Convoca\u00e7\u00e3o n\u00ba 2 de 2023","link_detail_backend":"/materia/autoria/481","metadata":{},"primeiro_autor":true,"autor":43,"materia":418}